{"id":1660,"date":"2022-06-24T11:12:38","date_gmt":"2022-06-24T09:12:38","guid":{"rendered":"https:\/\/www.globalwine.ch\/cms\/?p=1660"},"modified":"2022-10-25T15:49:44","modified_gmt":"2022-10-25T13:49:44","slug":"falstaff-winzerin-des-jahres-2022-eva-cluesserath-wittmann-weingut-ansgar-cluesserath-trittenheim-mosel","status":"publish","type":"post","link":"https:\/\/www.globalwine.ch\/cms\/2022\/06\/24\/falstaff-winzerin-des-jahres-2022-eva-cluesserath-wittmann-weingut-ansgar-cluesserath-trittenheim-mosel\/","title":{"rendered":"Falstaff-Winzerin des Jahres 2022: Eva Cl\u00fcsserath-Wittmann, Weingut Ansgar Cl\u00fcsserath, Trittenheim, Mosel"},"content":{"rendered":"\n<p>Zum zw\u00f6lften Mal bat Falstaff eine hochkar\u00e4tig besetzte Jury, in geheimen Voting \u00fcber die Titel der Weintrophy u.a. auch Winzer des Jahres zu entscheiden. Eva Cl\u00fcsserath-Wittmann hat es geschafft und wurde von der Falstaff-Jury zur Winzerin des Jahres 2022 gew\u00e4hlt. Herzliche Gratulation!<\/p>\n","protected":false},"excerpt":{"rendered":"<p>Zum zw\u00f6lften Mal bat Falstaff eine hochkar\u00e4tig besetzte Jury, in geheimen Voting \u00fcber die Titel der Weintrophy u.a. auch Winzer des Jahres zu entscheiden. Eva Cl\u00fcsserath-Wittmann hat es geschafft und wurde von der Falstaff-Jury zur Winzerin des Jahres 2022 gew\u00e4hlt. Herzliche Gratulation!<\/p>\n","protected":false},"author":2,"featured_media":1658,"comment_status":"open","ping_status":"open","sticky":false,"template":"","format":"standard","meta":{"_acf_changed":false,"footnotes":""},"categories":[1],"tags":[16,17],"class_list":["post-1660","post","type-post","status-publish","format-standard","has-post-thumbnail","hentry","category-allgemein","tag-falstaff-winzerin-des-jahres-2022-eva-cluesserath","tag-mosel"],"acf":{"inhaltselemente":[{"acf_fc_layout":"image","image":1658,"image_video":""},{"acf_fc_layout":"einspalter_text","einspalter_text_titel":"","einspalter_text_titel_typ":"2","einspalter_text_titel_fake":false,"einspalter_text_content":"<p>FALSTAFF schreibt dazu: Das Pendeln der rund 150 Kilometer zwischen dem Weingut ihres Mannes Philipp Wittmann in Westhofen und ihrem Weingut an der Mosel ist f\u00fcr die Familie Normalit\u00e4t. Der Ausbau der Weine im Weinkeller in Trittenheim geh\u00f6rt f\u00fcr Eva Cl\u00fcsserath-Wittmann zum Terroir.<\/p>\n<p>Sie fokussiert sich f\u00fcr ihre Weine auf eine selektive Handlese in mehreren Durchg\u00e4ngen. F\u00fcr die trockenen und Kabinett-Weine erntet sie kerngesunde Trauben ohne die geringste \u00dcberreife. Es folgt eine kurze Maischestandzeit, der angequetschten Trauben, bevor sie schlie\u00dflich ohne Pumpen gepresst werden. Nach einer kurzen Kl\u00e4rzeit durch Absetzen, kommen die Traubenmoste in das klassische Moselfuder und beginnen dort nach ca. 2-3 Wochen zu g\u00e4ren. Die G\u00e4rphase dauert im Weingut Ansgar Cl\u00fcsserath immer relativ lange, manche Weine des 2021er Jahrgangs g\u00e4ren sogar Mitte M\u00e4rz 2022 noch, berichtet sie dem Falstaff.<\/p>\n<p>Zum Falstaff Artikel:<br \/>\n<a href=\"https:\/\/www.globalwine.ch\/cms\/wp-content\/uploads\/2022\/06\/eva-cluesserath-winzerin2022-falstaff.pdf\">eva-cluesserath-winzerin2022-falstaff<\/a><\/p>\n<p><a href=\"https:\/\/www.globalwine.ch\/winzer\/deutschland\/mosel\/weingut-ansgar-cluesserath\/\">Zu den Weinen von Eva Cl\u00fcsserath<\/a><\/p>\n"}]},"yoast_head":"<!-- This site is optimized with the Yoast SEO plugin v27.5 - https:\/\/yoast.com\/product\/yoast-seo-wordpress\/ -->\n<title>Falstaff-Winzerin des Jahres 2022: Eva Cl\u00fcsserath-Wittmann, Weingut Ansgar Cl\u00fcsserath, Trittenheim, Mosel - Globalwine<\/title>\n<meta name=\"description\" content=\"Eva Cl\u00fcsserath-Wittmann hat es geschafft und wurde von der Falstaff-Jury zur Winzerin des Jahres 2022 gew\u00e4hlt. Herzliche Gratulation!\" \/>\n<meta name=\"robots\" content=\"index, follow, max-snippet:-1, max-image-preview:large, max-video-preview:-1\" \/>\n<link rel=\"canonical\" href=\"https:\/\/www.globalwine.ch\/cms\/2022\/06\/24\/falstaff-winzerin-des-jahres-2022-eva-cluesserath-wittmann-weingut-ansgar-cluesserath-trittenheim-mosel\/\" \/>\n<meta property=\"og:locale\" content=\"de_DE\" \/>\n<meta property=\"og:type\" content=\"article\" \/>\n<meta property=\"og:title\" content=\"Falstaff-Winzerin des Jahres 2022: Eva Cl\u00fcsserath-Wittmann, Weingut Ansgar Cl\u00fcsserath, Trittenheim, Mosel - Globalwine\" \/>\n<meta property=\"og:description\" content=\"Eva Cl\u00fcsserath-Wittmann hat es geschafft und wurde von der Falstaff-Jury zur Winzerin des Jahres 2022 gew\u00e4hlt. Herzliche Gratulation!\" \/>\n<meta property=\"og:url\" content=\"https:\/\/www.globalwine.ch\/cms\/2022\/06\/24\/falstaff-winzerin-des-jahres-2022-eva-cluesserath-wittmann-weingut-ansgar-cluesserath-trittenheim-mosel\/\" \/>\n<meta property=\"og:site_name\" content=\"Globalwine\" \/>\n<meta property=\"article:publisher\" content=\"https:\/\/www.facebook.com\/GlobalwineAG\" \/>\n<meta property=\"article:published_time\" content=\"2022-06-24T09:12:38+00:00\" \/>\n<meta property=\"article:modified_time\" content=\"2022-10-25T13:49:44+00:00\" \/>\n<meta property=\"og:image\" content=\"https:\/\/www.globalwine.ch\/cms\/wp-content\/uploads\/2022\/06\/Eva4.jpg\" \/>\n\t<meta property=\"og:image:width\" content=\"2000\" \/>\n\t<meta property=\"og:image:height\" content=\"1280\" \/>\n\t<meta property=\"og:image:type\" content=\"image\/jpeg\" \/>\n<meta name=\"author\" content=\"editor\" \/>\n<meta name=\"twitter:card\" content=\"summary_large_image\" \/>\n<meta name=\"twitter:label1\" content=\"Geschrieben von\" \/>\n\t<meta name=\"twitter:data1\" content=\"editor\" \/>\n\t<meta name=\"twitter:label2\" content=\"Gesch\u00e4tzte Lesezeit\" \/>\n\t<meta name=\"twitter:data2\" content=\"1\u00a0Minute\" \/>\n<script type=\"application\/ld+json\" class=\"yoast-schema-graph\">{\"@context\":\"https:\\\/\\\/schema.org\",\"@graph\":[{\"@type\":\"Article\",\"@id\":\"https:\\\/\\\/www.globalwine.ch\\\/cms\\\/2022\\\/06\\\/24\\\/falstaff-winzerin-des-jahres-2022-eva-cluesserath-wittmann-weingut-ansgar-cluesserath-trittenheim-mosel\\\/#article\",\"isPartOf\":{\"@id\":\"https:\\\/\\\/www.globalwine.ch\\\/cms\\\/2022\\\/06\\\/24\\\/falstaff-winzerin-des-jahres-2022-eva-cluesserath-wittmann-weingut-ansgar-cluesserath-trittenheim-mosel\\\/\"},\"author\":{\"name\":\"editor\",\"@id\":\"https:\\\/\\\/www.globalwine.ch\\\/cms\\\/#\\\/schema\\\/person\\\/0dd9822402bfc2651069f318cb872261\"},\"headline\":\"Falstaff-Winzerin des Jahres 2022: Eva Cl\u00fcsserath-Wittmann, Weingut Ansgar Cl\u00fcsserath, Trittenheim, Mosel\",\"datePublished\":\"2022-06-24T09:12:38+00:00\",\"dateModified\":\"2022-10-25T13:49:44+00:00\",\"mainEntityOfPage\":{\"@id\":\"https:\\\/\\\/www.globalwine.ch\\\/cms\\\/2022\\\/06\\\/24\\\/falstaff-winzerin-des-jahres-2022-eva-cluesserath-wittmann-weingut-ansgar-cluesserath-trittenheim-mosel\\\/\"},\"wordCount\":58,\"commentCount\":0,\"publisher\":{\"@id\":\"https:\\\/\\\/www.globalwine.ch\\\/cms\\\/#organization\"},\"image\":{\"@id\":\"https:\\\/\\\/www.globalwine.ch\\\/cms\\\/2022\\\/06\\\/24\\\/falstaff-winzerin-des-jahres-2022-eva-cluesserath-wittmann-weingut-ansgar-cluesserath-trittenheim-mosel\\\/#primaryimage\"},\"thumbnailUrl\":\"https:\\\/\\\/www.globalwine.ch\\\/cms\\\/wp-content\\\/uploads\\\/2022\\\/06\\\/Eva4.jpg\",\"keywords\":[\"Falstaff Winzerin des Jahres 2022 Eva Cl\u00fcsserath\",\"Mosel\"],\"inLanguage\":\"de-CH\",\"potentialAction\":[{\"@type\":\"CommentAction\",\"name\":\"Comment\",\"target\":[\"https:\\\/\\\/www.globalwine.ch\\\/cms\\\/2022\\\/06\\\/24\\\/falstaff-winzerin-des-jahres-2022-eva-cluesserath-wittmann-weingut-ansgar-cluesserath-trittenheim-mosel\\\/#respond\"]}]},{\"@type\":\"WebPage\",\"@id\":\"https:\\\/\\\/www.globalwine.ch\\\/cms\\\/2022\\\/06\\\/24\\\/falstaff-winzerin-des-jahres-2022-eva-cluesserath-wittmann-weingut-ansgar-cluesserath-trittenheim-mosel\\\/\",\"url\":\"https:\\\/\\\/www.globalwine.ch\\\/cms\\\/2022\\\/06\\\/24\\\/falstaff-winzerin-des-jahres-2022-eva-cluesserath-wittmann-weingut-ansgar-cluesserath-trittenheim-mosel\\\/\",\"name\":\"Falstaff-Winzerin des Jahres 2022: Eva Cl\u00fcsserath-Wittmann, Weingut Ansgar Cl\u00fcsserath, Trittenheim, Mosel - Globalwine\",\"isPartOf\":{\"@id\":\"https:\\\/\\\/www.globalwine.ch\\\/cms\\\/#website\"},\"primaryImageOfPage\":{\"@id\":\"https:\\\/\\\/www.globalwine.ch\\\/cms\\\/2022\\\/06\\\/24\\\/falstaff-winzerin-des-jahres-2022-eva-cluesserath-wittmann-weingut-ansgar-cluesserath-trittenheim-mosel\\\/#primaryimage\"},\"image\":{\"@id\":\"https:\\\/\\\/www.globalwine.ch\\\/cms\\\/2022\\\/06\\\/24\\\/falstaff-winzerin-des-jahres-2022-eva-cluesserath-wittmann-weingut-ansgar-cluesserath-trittenheim-mosel\\\/#primaryimage\"},\"thumbnailUrl\":\"https:\\\/\\\/www.globalwine.ch\\\/cms\\\/wp-content\\\/uploads\\\/2022\\\/06\\\/Eva4.jpg\",\"datePublished\":\"2022-06-24T09:12:38+00:00\",\"dateModified\":\"2022-10-25T13:49:44+00:00\",\"description\":\"Eva Cl\u00fcsserath-Wittmann hat es geschafft und wurde von der Falstaff-Jury zur Winzerin des Jahres 2022 gew\u00e4hlt. Herzliche Gratulation!\",\"breadcrumb\":{\"@id\":\"https:\\\/\\\/www.globalwine.ch\\\/cms\\\/2022\\\/06\\\/24\\\/falstaff-winzerin-des-jahres-2022-eva-cluesserath-wittmann-weingut-ansgar-cluesserath-trittenheim-mosel\\\/#breadcrumb\"},\"inLanguage\":\"de-CH\",\"potentialAction\":[{\"@type\":\"ReadAction\",\"target\":[\"https:\\\/\\\/www.globalwine.ch\\\/cms\\\/2022\\\/06\\\/24\\\/falstaff-winzerin-des-jahres-2022-eva-cluesserath-wittmann-weingut-ansgar-cluesserath-trittenheim-mosel\\\/\"]}]},{\"@type\":\"ImageObject\",\"inLanguage\":\"de-CH\",\"@id\":\"https:\\\/\\\/www.globalwine.ch\\\/cms\\\/2022\\\/06\\\/24\\\/falstaff-winzerin-des-jahres-2022-eva-cluesserath-wittmann-weingut-ansgar-cluesserath-trittenheim-mosel\\\/#primaryimage\",\"url\":\"https:\\\/\\\/www.globalwine.ch\\\/cms\\\/wp-content\\\/uploads\\\/2022\\\/06\\\/Eva4.jpg\",\"contentUrl\":\"https:\\\/\\\/www.globalwine.ch\\\/cms\\\/wp-content\\\/uploads\\\/2022\\\/06\\\/Eva4.jpg\",\"width\":2000,\"height\":1280,\"caption\":\"Eva Cl\u00fcsserath, Weingut Angsar Cl\u00fcsserath\"},{\"@type\":\"BreadcrumbList\",\"@id\":\"https:\\\/\\\/www.globalwine.ch\\\/cms\\\/2022\\\/06\\\/24\\\/falstaff-winzerin-des-jahres-2022-eva-cluesserath-wittmann-weingut-ansgar-cluesserath-trittenheim-mosel\\\/#breadcrumb\",\"itemListElement\":[{\"@type\":\"ListItem\",\"position\":1,\"name\":\"Breadcrumb\",\"item\":\"https:\\\/\\\/www.globalwine.ch\\\/cms\\\/\"},{\"@type\":\"ListItem\",\"position\":2,\"name\":\"Falstaff-Winzerin des Jahres 2022: Eva Cl\u00fcsserath-Wittmann, Weingut Ansgar Cl\u00fcsserath, Trittenheim, Mosel\"}]},{\"@type\":\"WebSite\",\"@id\":\"https:\\\/\\\/www.globalwine.ch\\\/cms\\\/#website\",\"url\":\"https:\\\/\\\/www.globalwine.ch\\\/cms\\\/\",\"name\":\"Globalwine\",\"description\":\"\",\"publisher\":{\"@id\":\"https:\\\/\\\/www.globalwine.ch\\\/cms\\\/#organization\"},\"potentialAction\":[{\"@type\":\"SearchAction\",\"target\":{\"@type\":\"EntryPoint\",\"urlTemplate\":\"https:\\\/\\\/www.globalwine.ch\\\/cms\\\/?s={search_term_string}\"},\"query-input\":{\"@type\":\"PropertyValueSpecification\",\"valueRequired\":true,\"valueName\":\"search_term_string\"}}],\"inLanguage\":\"de-CH\"},{\"@type\":\"Organization\",\"@id\":\"https:\\\/\\\/www.globalwine.ch\\\/cms\\\/#organization\",\"name\":\"Globalwine AG\",\"url\":\"https:\\\/\\\/www.globalwine.ch\\\/cms\\\/\",\"logo\":{\"@type\":\"ImageObject\",\"inLanguage\":\"de-CH\",\"@id\":\"https:\\\/\\\/www.globalwine.ch\\\/cms\\\/#\\\/schema\\\/logo\\\/image\\\/\",\"url\":\"https:\\\/\\\/www.globalwine.ch\\\/cms\\\/wp-content\\\/uploads\\\/2021\\\/04\\\/globalwine-logo.png\",\"contentUrl\":\"https:\\\/\\\/www.globalwine.ch\\\/cms\\\/wp-content\\\/uploads\\\/2021\\\/04\\\/globalwine-logo.png\",\"width\":931,\"height\":144,\"caption\":\"Globalwine AG\"},\"image\":{\"@id\":\"https:\\\/\\\/www.globalwine.ch\\\/cms\\\/#\\\/schema\\\/logo\\\/image\\\/\"},\"sameAs\":[\"https:\\\/\\\/www.facebook.com\\\/GlobalwineAG\",\"https:\\\/\\\/www.instagram.com\\\/globalwine_ch\",\"https:\\\/\\\/www.linkedin.com\\\/company\\\/5823327\",\"https:\\\/\\\/www.youtube.com\\\/channel\\\/UCaXmwERn0IR5rrbwRvaFesg\"]},{\"@type\":\"Person\",\"@id\":\"https:\\\/\\\/www.globalwine.ch\\\/cms\\\/#\\\/schema\\\/person\\\/0dd9822402bfc2651069f318cb872261\",\"name\":\"editor\",\"image\":{\"@type\":\"ImageObject\",\"inLanguage\":\"de-CH\",\"@id\":\"https:\\\/\\\/secure.gravatar.com\\\/avatar\\\/94fa764edf2fd8547cf3704481989b4730cc0de2d395ec0e887f33117edcc176?s=96&d=mm&r=g\",\"url\":\"https:\\\/\\\/secure.gravatar.com\\\/avatar\\\/94fa764edf2fd8547cf3704481989b4730cc0de2d395ec0e887f33117edcc176?s=96&d=mm&r=g\",\"contentUrl\":\"https:\\\/\\\/secure.gravatar.com\\\/avatar\\\/94fa764edf2fd8547cf3704481989b4730cc0de2d395ec0e887f33117edcc176?s=96&d=mm&r=g\",\"caption\":\"editor\"}}]}<\/script>\n<!-- \/ Yoast SEO plugin. -->","yoast_head_json":{"title":"Falstaff-Winzerin des Jahres 2022: Eva Cl\u00fcsserath-Wittmann, Weingut Ansgar Cl\u00fcsserath, Trittenheim, Mosel - Globalwine","description":"Eva Cl\u00fcsserath-Wittmann hat es geschafft und wurde von der Falstaff-Jury zur Winzerin des Jahres 2022 gew\u00e4hlt. Herzliche Gratulation!","robots":{"index":"index","follow":"follow","max-snippet":"max-snippet:-1","max-image-preview":"max-image-preview:large","max-video-preview":"max-video-preview:-1"},"canonical":"https:\/\/www.globalwine.ch\/cms\/2022\/06\/24\/falstaff-winzerin-des-jahres-2022-eva-cluesserath-wittmann-weingut-ansgar-cluesserath-trittenheim-mosel\/","og_locale":"de_DE","og_type":"article","og_title":"Falstaff-Winzerin des Jahres 2022: Eva Cl\u00fcsserath-Wittmann, Weingut Ansgar Cl\u00fcsserath, Trittenheim, Mosel - Globalwine","og_description":"Eva Cl\u00fcsserath-Wittmann hat es geschafft und wurde von der Falstaff-Jury zur Winzerin des Jahres 2022 gew\u00e4hlt. Herzliche Gratulation!","og_url":"https:\/\/www.globalwine.ch\/cms\/2022\/06\/24\/falstaff-winzerin-des-jahres-2022-eva-cluesserath-wittmann-weingut-ansgar-cluesserath-trittenheim-mosel\/","og_site_name":"Globalwine","article_publisher":"https:\/\/www.facebook.com\/GlobalwineAG","article_published_time":"2022-06-24T09:12:38+00:00","article_modified_time":"2022-10-25T13:49:44+00:00","og_image":[{"width":2000,"height":1280,"url":"https:\/\/www.globalwine.ch\/cms\/wp-content\/uploads\/2022\/06\/Eva4.jpg","type":"image\/jpeg"}],"author":"editor","twitter_card":"summary_large_image","twitter_misc":{"Geschrieben von":"editor","Gesch\u00e4tzte Lesezeit":"1\u00a0Minute"},"schema":{"@context":"https:\/\/schema.org","@graph":[{"@type":"Article","@id":"https:\/\/www.globalwine.ch\/cms\/2022\/06\/24\/falstaff-winzerin-des-jahres-2022-eva-cluesserath-wittmann-weingut-ansgar-cluesserath-trittenheim-mosel\/#article","isPartOf":{"@id":"https:\/\/www.globalwine.ch\/cms\/2022\/06\/24\/falstaff-winzerin-des-jahres-2022-eva-cluesserath-wittmann-weingut-ansgar-cluesserath-trittenheim-mosel\/"},"author":{"name":"editor","@id":"https:\/\/www.globalwine.ch\/cms\/#\/schema\/person\/0dd9822402bfc2651069f318cb872261"},"headline":"Falstaff-Winzerin des Jahres 2022: Eva Cl\u00fcsserath-Wittmann, Weingut Ansgar Cl\u00fcsserath, Trittenheim, Mosel","datePublished":"2022-06-24T09:12:38+00:00","dateModified":"2022-10-25T13:49:44+00:00","mainEntityOfPage":{"@id":"https:\/\/www.globalwine.ch\/cms\/2022\/06\/24\/falstaff-winzerin-des-jahres-2022-eva-cluesserath-wittmann-weingut-ansgar-cluesserath-trittenheim-mosel\/"},"wordCount":58,"commentCount":0,"publisher":{"@id":"https:\/\/www.globalwine.ch\/cms\/#organization"},"image":{"@id":"https:\/\/www.globalwine.ch\/cms\/2022\/06\/24\/falstaff-winzerin-des-jahres-2022-eva-cluesserath-wittmann-weingut-ansgar-cluesserath-trittenheim-mosel\/#primaryimage"},"thumbnailUrl":"https:\/\/www.globalwine.ch\/cms\/wp-content\/uploads\/2022\/06\/Eva4.jpg","keywords":["Falstaff Winzerin des Jahres 2022 Eva Cl\u00fcsserath","Mosel"],"inLanguage":"de-CH","potentialAction":[{"@type":"CommentAction","name":"Comment","target":["https:\/\/www.globalwine.ch\/cms\/2022\/06\/24\/falstaff-winzerin-des-jahres-2022-eva-cluesserath-wittmann-weingut-ansgar-cluesserath-trittenheim-mosel\/#respond"]}]},{"@type":"WebPage","@id":"https:\/\/www.globalwine.ch\/cms\/2022\/06\/24\/falstaff-winzerin-des-jahres-2022-eva-cluesserath-wittmann-weingut-ansgar-cluesserath-trittenheim-mosel\/","url":"https:\/\/www.globalwine.ch\/cms\/2022\/06\/24\/falstaff-winzerin-des-jahres-2022-eva-cluesserath-wittmann-weingut-ansgar-cluesserath-trittenheim-mosel\/","name":"Falstaff-Winzerin des Jahres 2022: Eva Cl\u00fcsserath-Wittmann, Weingut Ansgar Cl\u00fcsserath, Trittenheim, Mosel - Globalwine","isPartOf":{"@id":"https:\/\/www.globalwine.ch\/cms\/#website"},"primaryImageOfPage":{"@id":"https:\/\/www.globalwine.ch\/cms\/2022\/06\/24\/falstaff-winzerin-des-jahres-2022-eva-cluesserath-wittmann-weingut-ansgar-cluesserath-trittenheim-mosel\/#primaryimage"},"image":{"@id":"https:\/\/www.globalwine.ch\/cms\/2022\/06\/24\/falstaff-winzerin-des-jahres-2022-eva-cluesserath-wittmann-weingut-ansgar-cluesserath-trittenheim-mosel\/#primaryimage"},"thumbnailUrl":"https:\/\/www.globalwine.ch\/cms\/wp-content\/uploads\/2022\/06\/Eva4.jpg","datePublished":"2022-06-24T09:12:38+00:00","dateModified":"2022-10-25T13:49:44+00:00","description":"Eva Cl\u00fcsserath-Wittmann hat es geschafft und wurde von der Falstaff-Jury zur Winzerin des Jahres 2022 gew\u00e4hlt. Herzliche Gratulation!","breadcrumb":{"@id":"https:\/\/www.globalwine.ch\/cms\/2022\/06\/24\/falstaff-winzerin-des-jahres-2022-eva-cluesserath-wittmann-weingut-ansgar-cluesserath-trittenheim-mosel\/#breadcrumb"},"inLanguage":"de-CH","potentialAction":[{"@type":"ReadAction","target":["https:\/\/www.globalwine.ch\/cms\/2022\/06\/24\/falstaff-winzerin-des-jahres-2022-eva-cluesserath-wittmann-weingut-ansgar-cluesserath-trittenheim-mosel\/"]}]},{"@type":"ImageObject","inLanguage":"de-CH","@id":"https:\/\/www.globalwine.ch\/cms\/2022\/06\/24\/falstaff-winzerin-des-jahres-2022-eva-cluesserath-wittmann-weingut-ansgar-cluesserath-trittenheim-mosel\/#primaryimage","url":"https:\/\/www.globalwine.ch\/cms\/wp-content\/uploads\/2022\/06\/Eva4.jpg","contentUrl":"https:\/\/www.globalwine.ch\/cms\/wp-content\/uploads\/2022\/06\/Eva4.jpg","width":2000,"height":1280,"caption":"Eva Cl\u00fcsserath, Weingut Angsar Cl\u00fcsserath"},{"@type":"BreadcrumbList","@id":"https:\/\/www.globalwine.ch\/cms\/2022\/06\/24\/falstaff-winzerin-des-jahres-2022-eva-cluesserath-wittmann-weingut-ansgar-cluesserath-trittenheim-mosel\/#breadcrumb","itemListElement":[{"@type":"ListItem","position":1,"name":"Breadcrumb","item":"https:\/\/www.globalwine.ch\/cms\/"},{"@type":"ListItem","position":2,"name":"Falstaff-Winzerin des Jahres 2022: Eva Cl\u00fcsserath-Wittmann, Weingut Ansgar Cl\u00fcsserath, Trittenheim, Mosel"}]},{"@type":"WebSite","@id":"https:\/\/www.globalwine.ch\/cms\/#website","url":"https:\/\/www.globalwine.ch\/cms\/","name":"Globalwine","description":"","publisher":{"@id":"https:\/\/www.globalwine.ch\/cms\/#organization"},"potentialAction":[{"@type":"SearchAction","target":{"@type":"EntryPoint","urlTemplate":"https:\/\/www.globalwine.ch\/cms\/?s={search_term_string}"},"query-input":{"@type":"PropertyValueSpecification","valueRequired":true,"valueName":"search_term_string"}}],"inLanguage":"de-CH"},{"@type":"Organization","@id":"https:\/\/www.globalwine.ch\/cms\/#organization","name":"Globalwine AG","url":"https:\/\/www.globalwine.ch\/cms\/","logo":{"@type":"ImageObject","inLanguage":"de-CH","@id":"https:\/\/www.globalwine.ch\/cms\/#\/schema\/logo\/image\/","url":"https:\/\/www.globalwine.ch\/cms\/wp-content\/uploads\/2021\/04\/globalwine-logo.png","contentUrl":"https:\/\/www.globalwine.ch\/cms\/wp-content\/uploads\/2021\/04\/globalwine-logo.png","width":931,"height":144,"caption":"Globalwine AG"},"image":{"@id":"https:\/\/www.globalwine.ch\/cms\/#\/schema\/logo\/image\/"},"sameAs":["https:\/\/www.facebook.com\/GlobalwineAG","https:\/\/www.instagram.com\/globalwine_ch","https:\/\/www.linkedin.com\/company\/5823327","https:\/\/www.youtube.com\/channel\/UCaXmwERn0IR5rrbwRvaFesg"]},{"@type":"Person","@id":"https:\/\/www.globalwine.ch\/cms\/#\/schema\/person\/0dd9822402bfc2651069f318cb872261","name":"editor","image":{"@type":"ImageObject","inLanguage":"de-CH","@id":"https:\/\/secure.gravatar.com\/avatar\/94fa764edf2fd8547cf3704481989b4730cc0de2d395ec0e887f33117edcc176?s=96&d=mm&r=g","url":"https:\/\/secure.gravatar.com\/avatar\/94fa764edf2fd8547cf3704481989b4730cc0de2d395ec0e887f33117edcc176?s=96&d=mm&r=g","contentUrl":"https:\/\/secure.gravatar.com\/avatar\/94fa764edf2fd8547cf3704481989b4730cc0de2d395ec0e887f33117edcc176?s=96&d=mm&r=g","caption":"editor"}}]}},"_links":{"self":[{"href":"https:\/\/www.globalwine.ch\/cms\/wp-json\/wp\/v2\/posts\/1660","targetHints":{"allow":["GET"]}}],"collection":[{"href":"https:\/\/www.globalwine.ch\/cms\/wp-json\/wp\/v2\/posts"}],"about":[{"href":"https:\/\/www.globalwine.ch\/cms\/wp-json\/wp\/v2\/types\/post"}],"author":[{"embeddable":true,"href":"https:\/\/www.globalwine.ch\/cms\/wp-json\/wp\/v2\/users\/2"}],"replies":[{"embeddable":true,"href":"https:\/\/www.globalwine.ch\/cms\/wp-json\/wp\/v2\/comments?post=1660"}],"version-history":[{"count":25,"href":"https:\/\/www.globalwine.ch\/cms\/wp-json\/wp\/v2\/posts\/1660\/revisions"}],"predecessor-version":[{"id":1685,"href":"https:\/\/www.globalwine.ch\/cms\/wp-json\/wp\/v2\/posts\/1660\/revisions\/1685"}],"wp:featuredmedia":[{"embeddable":true,"href":"https:\/\/www.globalwine.ch\/cms\/wp-json\/wp\/v2\/media\/1658"}],"wp:attachment":[{"href":"https:\/\/www.globalwine.ch\/cms\/wp-json\/wp\/v2\/media?parent=1660"}],"wp:term":[{"taxonomy":"category","embeddable":true,"href":"https:\/\/www.globalwine.ch\/cms\/wp-json\/wp\/v2\/categories?post=1660"},{"taxonomy":"post_tag","embeddable":true,"href":"https:\/\/www.globalwine.ch\/cms\/wp-json\/wp\/v2\/tags?post=1660"}],"curies":[{"name":"wp","href":"https:\/\/api.w.org\/{rel}","templated":true}]}}