{"id":2189,"date":"2023-04-20T09:59:00","date_gmt":"2023-04-20T07:59:00","guid":{"rendered":"https:\/\/www.globalwine.ch\/cms\/?p=2189"},"modified":"2023-08-02T10:38:34","modified_gmt":"2023-08-02T08:38:34","slug":"25-jahre-globalwine","status":"publish","type":"post","link":"https:\/\/www.globalwine.ch\/cms\/2023\/04\/20\/25-jahre-globalwine\/","title":{"rendered":"25 Jahre Globalwine"},"content":{"rendered":"\n<p>2023 ist f\u00fcr uns ein besonderes Jahr, weil wir heuer unser 25-j\u00e4hirges Firmenjubil\u00e4um feiern. Seit einem viertel Jahrhundert beraten wir erstklassige Produzenten bei der Perfektionierung des Weinbaus, und ebenso lange bieten wir unseren anspruchsvollen Kunden durch den Import von Premium-Weinen ein stets aktuelles Portfolio, das h\u00f6chste Qualit\u00e4tsanspr\u00fcche erf\u00fcllt. Letzteres gilt insbesondere auch f\u00fcr die regelm\u00e4ssigen Neuzug\u00e4nge, die unser Sortiment bereichern.<\/p>\n\n\n\n<p><\/p>\n\n\n\n<p><\/p>\n","protected":false},"excerpt":{"rendered":"<p>Wir feiern diesen Sommer unser 25-j\u00e4hriges Firmen-Jubili\u00e4um und d\u00fcrfen auf ein Vierteljahrhundert zur\u00fcckblicken, wo wir Ihnen als Kundinnen und Kunden ein stets aktuelles Portfolio an Premium-Weinen pr\u00e4sentiert haben, das h\u00f6chste Qualit\u00e4tsanspr\u00fcche erf\u00fcllt. <\/p>\n","protected":false},"author":2,"featured_media":2328,"comment_status":"open","ping_status":"open","sticky":false,"template":"","format":"standard","meta":{"_acf_changed":false,"footnotes":""},"categories":[1],"tags":[59,60,61,62,63,64,65,66,67],"class_list":["post-2189","post","type-post","status-publish","format-standard","has-post-thumbnail","hentry","category-allgemein","tag-firmenjubilaeum","tag-25-jahre-globalwine","tag-globalwine-jubilaeum","tag-jubilaeum","tag-weinbau-consulting","tag-oenologe","tag-alain-bramaz","tag-globalwine-oenologe","tag-open-bottle-day-2023"],"acf":{"inhaltselemente":[{"acf_fc_layout":"image","image":2328,"image_video":""},{"acf_fc_layout":"einspalter_text","einspalter_text_titel":"","einspalter_text_titel_typ":"2","einspalter_text_titel_fake":false,"einspalter_text_content":"<p>Um diesen runden Geburtstag geb\u00fchrend zu feiern, haben wir den <strong>25. September 2023<\/strong> kurzerhand zum <strong>Globalwine Open Bottle Day<\/strong> erkl\u00e4rt. An diesem Tag wer &#8211; den wir rund 50 Winzerinnen und Winzer begr\u00fcssen, die um die 200 Weine pr\u00e4sentieren werden, und wir w\u00fcrden uns nat\u00fcrlich freuen, wenn Sie diesen Tag mit uns feiern w\u00fcrden. Mehr Informationen dazu finden Sie jetzt auf unserer Webseite unter <a href=\"https:\/\/www.globalwine.ch\/cms\/globalwine\/wein-degustationen-events\/\" rel=\"noopener\" target=\"_blank\">Degustationen und Events<\/a>.<\/p>\n"},{"acf_fc_layout":"image_text","image_text_titel":"","image_text_titel_typ":"2","image_text_titel_fake":false,"image_text_link":"","image_text_content":"<p>Apropos Jubil\u00e4um: 25 Jahre ist auch das Dienstalter unseres leitenden \u00d6nologen Alain Bramaz, der seit der Gr\u00fcndung von Globalwine unsere Weinbau-Consulting Projekte leitet und in dieser Zeit namhafte Weinproduzenten auf der ganzen Welt beraten hat, die mit ihren Erfolgsweinen auch unser Portfolio immer wieder aufs Neue bereichern.<\/p>\n","image_text_bild":2190,"image_text_video":"","image_text_position_bild":"left","image_text_layout":"layout-two"},{"acf_fc_layout":"einspalter_text","einspalter_text_titel":"","einspalter_text_titel_typ":"2","einspalter_text_titel_fake":false,"einspalter_text_content":"<p>Sie sehen: Gr\u00fcnde zum Feiern gibt es in diesem Jahr einige!<\/p>\n"}]},"yoast_head":"<!-- This site is optimized with the Yoast SEO plugin v27.4 - https:\/\/yoast.com\/product\/yoast-seo-wordpress\/ -->\n<title>Wir feiern unser Firmenjubil\u00e4um - Globalwine<\/title>\n<meta name=\"description\" content=\"25 Jahre Globalwine - hier erfahren Sie mehr dazu.\" \/>\n<meta name=\"robots\" content=\"index, follow, max-snippet:-1, max-image-preview:large, max-video-preview:-1\" \/>\n<link rel=\"canonical\" href=\"https:\/\/www.globalwine.ch\/cms\/2023\/04\/20\/25-jahre-globalwine\/\" \/>\n<meta property=\"og:locale\" content=\"de_DE\" \/>\n<meta property=\"og:type\" content=\"article\" \/>\n<meta property=\"og:title\" content=\"Wir feiern unser Firmenjubil\u00e4um - Globalwine\" \/>\n<meta property=\"og:description\" content=\"25 Jahre Globalwine - hier erfahren Sie mehr dazu.\" \/>\n<meta property=\"og:url\" content=\"https:\/\/www.globalwine.ch\/cms\/2023\/04\/20\/25-jahre-globalwine\/\" \/>\n<meta property=\"og:site_name\" content=\"Globalwine\" \/>\n<meta property=\"article:publisher\" content=\"https:\/\/www.facebook.com\/GlobalwineAG\" \/>\n<meta property=\"article:published_time\" content=\"2023-04-20T07:59:00+00:00\" \/>\n<meta property=\"article:modified_time\" content=\"2023-08-02T08:38:34+00:00\" \/>\n<meta property=\"og:image\" content=\"https:\/\/www.globalwine.ch\/cms\/wp-content\/uploads\/2023\/05\/25-News-2.jpg\" \/>\n\t<meta property=\"og:image:width\" content=\"2000\" \/>\n\t<meta property=\"og:image:height\" content=\"1280\" \/>\n\t<meta property=\"og:image:type\" content=\"image\/jpeg\" \/>\n<meta name=\"author\" content=\"editor\" \/>\n<meta name=\"twitter:card\" content=\"summary_large_image\" \/>\n<meta name=\"twitter:label1\" content=\"Geschrieben von\" \/>\n\t<meta name=\"twitter:data1\" content=\"editor\" \/>\n\t<meta name=\"twitter:label2\" content=\"Gesch\u00e4tzte Lesezeit\" \/>\n\t<meta name=\"twitter:data2\" content=\"1\u00a0Minute\" \/>\n<script type=\"application\/ld+json\" class=\"yoast-schema-graph\">{\"@context\":\"https:\\\/\\\/schema.org\",\"@graph\":[{\"@type\":\"Article\",\"@id\":\"https:\\\/\\\/www.globalwine.ch\\\/cms\\\/2023\\\/04\\\/20\\\/25-jahre-globalwine\\\/#article\",\"isPartOf\":{\"@id\":\"https:\\\/\\\/www.globalwine.ch\\\/cms\\\/2023\\\/04\\\/20\\\/25-jahre-globalwine\\\/\"},\"author\":{\"name\":\"editor\",\"@id\":\"https:\\\/\\\/www.globalwine.ch\\\/cms\\\/#\\\/schema\\\/person\\\/0dd9822402bfc2651069f318cb872261\"},\"headline\":\"25 Jahre Globalwine\",\"datePublished\":\"2023-04-20T07:59:00+00:00\",\"dateModified\":\"2023-08-02T08:38:34+00:00\",\"mainEntityOfPage\":{\"@id\":\"https:\\\/\\\/www.globalwine.ch\\\/cms\\\/2023\\\/04\\\/20\\\/25-jahre-globalwine\\\/\"},\"wordCount\":71,\"commentCount\":0,\"publisher\":{\"@id\":\"https:\\\/\\\/www.globalwine.ch\\\/cms\\\/#organization\"},\"image\":{\"@id\":\"https:\\\/\\\/www.globalwine.ch\\\/cms\\\/2023\\\/04\\\/20\\\/25-jahre-globalwine\\\/#primaryimage\"},\"thumbnailUrl\":\"https:\\\/\\\/www.globalwine.ch\\\/cms\\\/wp-content\\\/uploads\\\/2023\\\/05\\\/25-News-2.jpg\",\"keywords\":[\"Firmenjubil\u00e4um\",\"25 Jahre Globalwine\",\"Globalwine Jubil\u00e4um\",\"Jubil\u00e4um\",\"Weinbau-Consulting\",\"\u00d6nologe\",\"Alain Bramaz\",\"Globalwine \u00d6nologe\",\"Open Bottle Day 2023\"],\"inLanguage\":\"de-CH\",\"potentialAction\":[{\"@type\":\"CommentAction\",\"name\":\"Comment\",\"target\":[\"https:\\\/\\\/www.globalwine.ch\\\/cms\\\/2023\\\/04\\\/20\\\/25-jahre-globalwine\\\/#respond\"]}]},{\"@type\":\"WebPage\",\"@id\":\"https:\\\/\\\/www.globalwine.ch\\\/cms\\\/2023\\\/04\\\/20\\\/25-jahre-globalwine\\\/\",\"url\":\"https:\\\/\\\/www.globalwine.ch\\\/cms\\\/2023\\\/04\\\/20\\\/25-jahre-globalwine\\\/\",\"name\":\"Wir feiern unser Firmenjubil\u00e4um - Globalwine\",\"isPartOf\":{\"@id\":\"https:\\\/\\\/www.globalwine.ch\\\/cms\\\/#website\"},\"primaryImageOfPage\":{\"@id\":\"https:\\\/\\\/www.globalwine.ch\\\/cms\\\/2023\\\/04\\\/20\\\/25-jahre-globalwine\\\/#primaryimage\"},\"image\":{\"@id\":\"https:\\\/\\\/www.globalwine.ch\\\/cms\\\/2023\\\/04\\\/20\\\/25-jahre-globalwine\\\/#primaryimage\"},\"thumbnailUrl\":\"https:\\\/\\\/www.globalwine.ch\\\/cms\\\/wp-content\\\/uploads\\\/2023\\\/05\\\/25-News-2.jpg\",\"datePublished\":\"2023-04-20T07:59:00+00:00\",\"dateModified\":\"2023-08-02T08:38:34+00:00\",\"description\":\"25 Jahre Globalwine - hier erfahren Sie mehr dazu.\",\"breadcrumb\":{\"@id\":\"https:\\\/\\\/www.globalwine.ch\\\/cms\\\/2023\\\/04\\\/20\\\/25-jahre-globalwine\\\/#breadcrumb\"},\"inLanguage\":\"de-CH\",\"potentialAction\":[{\"@type\":\"ReadAction\",\"target\":[\"https:\\\/\\\/www.globalwine.ch\\\/cms\\\/2023\\\/04\\\/20\\\/25-jahre-globalwine\\\/\"]}]},{\"@type\":\"ImageObject\",\"inLanguage\":\"de-CH\",\"@id\":\"https:\\\/\\\/www.globalwine.ch\\\/cms\\\/2023\\\/04\\\/20\\\/25-jahre-globalwine\\\/#primaryimage\",\"url\":\"https:\\\/\\\/www.globalwine.ch\\\/cms\\\/wp-content\\\/uploads\\\/2023\\\/05\\\/25-News-2.jpg\",\"contentUrl\":\"https:\\\/\\\/www.globalwine.ch\\\/cms\\\/wp-content\\\/uploads\\\/2023\\\/05\\\/25-News-2.jpg\",\"width\":2000,\"height\":1280,\"caption\":\"25 Jahre Globalwine\"},{\"@type\":\"BreadcrumbList\",\"@id\":\"https:\\\/\\\/www.globalwine.ch\\\/cms\\\/2023\\\/04\\\/20\\\/25-jahre-globalwine\\\/#breadcrumb\",\"itemListElement\":[{\"@type\":\"ListItem\",\"position\":1,\"name\":\"Breadcrumb\",\"item\":\"https:\\\/\\\/www.globalwine.ch\\\/cms\\\/\"},{\"@type\":\"ListItem\",\"position\":2,\"name\":\"25 Jahre Globalwine\"}]},{\"@type\":\"WebSite\",\"@id\":\"https:\\\/\\\/www.globalwine.ch\\\/cms\\\/#website\",\"url\":\"https:\\\/\\\/www.globalwine.ch\\\/cms\\\/\",\"name\":\"Globalwine\",\"description\":\"\",\"publisher\":{\"@id\":\"https:\\\/\\\/www.globalwine.ch\\\/cms\\\/#organization\"},\"potentialAction\":[{\"@type\":\"SearchAction\",\"target\":{\"@type\":\"EntryPoint\",\"urlTemplate\":\"https:\\\/\\\/www.globalwine.ch\\\/cms\\\/?s={search_term_string}\"},\"query-input\":{\"@type\":\"PropertyValueSpecification\",\"valueRequired\":true,\"valueName\":\"search_term_string\"}}],\"inLanguage\":\"de-CH\"},{\"@type\":\"Organization\",\"@id\":\"https:\\\/\\\/www.globalwine.ch\\\/cms\\\/#organization\",\"name\":\"Globalwine AG\",\"url\":\"https:\\\/\\\/www.globalwine.ch\\\/cms\\\/\",\"logo\":{\"@type\":\"ImageObject\",\"inLanguage\":\"de-CH\",\"@id\":\"https:\\\/\\\/www.globalwine.ch\\\/cms\\\/#\\\/schema\\\/logo\\\/image\\\/\",\"url\":\"https:\\\/\\\/www.globalwine.ch\\\/cms\\\/wp-content\\\/uploads\\\/2021\\\/04\\\/globalwine-logo.png\",\"contentUrl\":\"https:\\\/\\\/www.globalwine.ch\\\/cms\\\/wp-content\\\/uploads\\\/2021\\\/04\\\/globalwine-logo.png\",\"width\":931,\"height\":144,\"caption\":\"Globalwine AG\"},\"image\":{\"@id\":\"https:\\\/\\\/www.globalwine.ch\\\/cms\\\/#\\\/schema\\\/logo\\\/image\\\/\"},\"sameAs\":[\"https:\\\/\\\/www.facebook.com\\\/GlobalwineAG\",\"https:\\\/\\\/www.instagram.com\\\/globalwine_ch\",\"https:\\\/\\\/www.linkedin.com\\\/company\\\/5823327\",\"https:\\\/\\\/www.youtube.com\\\/channel\\\/UCaXmwERn0IR5rrbwRvaFesg\"]},{\"@type\":\"Person\",\"@id\":\"https:\\\/\\\/www.globalwine.ch\\\/cms\\\/#\\\/schema\\\/person\\\/0dd9822402bfc2651069f318cb872261\",\"name\":\"editor\",\"image\":{\"@type\":\"ImageObject\",\"inLanguage\":\"de-CH\",\"@id\":\"https:\\\/\\\/secure.gravatar.com\\\/avatar\\\/94fa764edf2fd8547cf3704481989b4730cc0de2d395ec0e887f33117edcc176?s=96&d=mm&r=g\",\"url\":\"https:\\\/\\\/secure.gravatar.com\\\/avatar\\\/94fa764edf2fd8547cf3704481989b4730cc0de2d395ec0e887f33117edcc176?s=96&d=mm&r=g\",\"contentUrl\":\"https:\\\/\\\/secure.gravatar.com\\\/avatar\\\/94fa764edf2fd8547cf3704481989b4730cc0de2d395ec0e887f33117edcc176?s=96&d=mm&r=g\",\"caption\":\"editor\"}}]}<\/script>\n<!-- \/ Yoast SEO plugin. -->","yoast_head_json":{"title":"Wir feiern unser Firmenjubil\u00e4um - Globalwine","description":"25 Jahre Globalwine - hier erfahren Sie mehr dazu.","robots":{"index":"index","follow":"follow","max-snippet":"max-snippet:-1","max-image-preview":"max-image-preview:large","max-video-preview":"max-video-preview:-1"},"canonical":"https:\/\/www.globalwine.ch\/cms\/2023\/04\/20\/25-jahre-globalwine\/","og_locale":"de_DE","og_type":"article","og_title":"Wir feiern unser Firmenjubil\u00e4um - Globalwine","og_description":"25 Jahre Globalwine - hier erfahren Sie mehr dazu.","og_url":"https:\/\/www.globalwine.ch\/cms\/2023\/04\/20\/25-jahre-globalwine\/","og_site_name":"Globalwine","article_publisher":"https:\/\/www.facebook.com\/GlobalwineAG","article_published_time":"2023-04-20T07:59:00+00:00","article_modified_time":"2023-08-02T08:38:34+00:00","og_image":[{"width":2000,"height":1280,"url":"https:\/\/www.globalwine.ch\/cms\/wp-content\/uploads\/2023\/05\/25-News-2.jpg","type":"image\/jpeg"}],"author":"editor","twitter_card":"summary_large_image","twitter_misc":{"Geschrieben von":"editor","Gesch\u00e4tzte Lesezeit":"1\u00a0Minute"},"schema":{"@context":"https:\/\/schema.org","@graph":[{"@type":"Article","@id":"https:\/\/www.globalwine.ch\/cms\/2023\/04\/20\/25-jahre-globalwine\/#article","isPartOf":{"@id":"https:\/\/www.globalwine.ch\/cms\/2023\/04\/20\/25-jahre-globalwine\/"},"author":{"name":"editor","@id":"https:\/\/www.globalwine.ch\/cms\/#\/schema\/person\/0dd9822402bfc2651069f318cb872261"},"headline":"25 Jahre Globalwine","datePublished":"2023-04-20T07:59:00+00:00","dateModified":"2023-08-02T08:38:34+00:00","mainEntityOfPage":{"@id":"https:\/\/www.globalwine.ch\/cms\/2023\/04\/20\/25-jahre-globalwine\/"},"wordCount":71,"commentCount":0,"publisher":{"@id":"https:\/\/www.globalwine.ch\/cms\/#organization"},"image":{"@id":"https:\/\/www.globalwine.ch\/cms\/2023\/04\/20\/25-jahre-globalwine\/#primaryimage"},"thumbnailUrl":"https:\/\/www.globalwine.ch\/cms\/wp-content\/uploads\/2023\/05\/25-News-2.jpg","keywords":["Firmenjubil\u00e4um","25 Jahre Globalwine","Globalwine Jubil\u00e4um","Jubil\u00e4um","Weinbau-Consulting","\u00d6nologe","Alain Bramaz","Globalwine \u00d6nologe","Open Bottle Day 2023"],"inLanguage":"de-CH","potentialAction":[{"@type":"CommentAction","name":"Comment","target":["https:\/\/www.globalwine.ch\/cms\/2023\/04\/20\/25-jahre-globalwine\/#respond"]}]},{"@type":"WebPage","@id":"https:\/\/www.globalwine.ch\/cms\/2023\/04\/20\/25-jahre-globalwine\/","url":"https:\/\/www.globalwine.ch\/cms\/2023\/04\/20\/25-jahre-globalwine\/","name":"Wir feiern unser Firmenjubil\u00e4um - Globalwine","isPartOf":{"@id":"https:\/\/www.globalwine.ch\/cms\/#website"},"primaryImageOfPage":{"@id":"https:\/\/www.globalwine.ch\/cms\/2023\/04\/20\/25-jahre-globalwine\/#primaryimage"},"image":{"@id":"https:\/\/www.globalwine.ch\/cms\/2023\/04\/20\/25-jahre-globalwine\/#primaryimage"},"thumbnailUrl":"https:\/\/www.globalwine.ch\/cms\/wp-content\/uploads\/2023\/05\/25-News-2.jpg","datePublished":"2023-04-20T07:59:00+00:00","dateModified":"2023-08-02T08:38:34+00:00","description":"25 Jahre Globalwine - hier erfahren Sie mehr dazu.","breadcrumb":{"@id":"https:\/\/www.globalwine.ch\/cms\/2023\/04\/20\/25-jahre-globalwine\/#breadcrumb"},"inLanguage":"de-CH","potentialAction":[{"@type":"ReadAction","target":["https:\/\/www.globalwine.ch\/cms\/2023\/04\/20\/25-jahre-globalwine\/"]}]},{"@type":"ImageObject","inLanguage":"de-CH","@id":"https:\/\/www.globalwine.ch\/cms\/2023\/04\/20\/25-jahre-globalwine\/#primaryimage","url":"https:\/\/www.globalwine.ch\/cms\/wp-content\/uploads\/2023\/05\/25-News-2.jpg","contentUrl":"https:\/\/www.globalwine.ch\/cms\/wp-content\/uploads\/2023\/05\/25-News-2.jpg","width":2000,"height":1280,"caption":"25 Jahre Globalwine"},{"@type":"BreadcrumbList","@id":"https:\/\/www.globalwine.ch\/cms\/2023\/04\/20\/25-jahre-globalwine\/#breadcrumb","itemListElement":[{"@type":"ListItem","position":1,"name":"Breadcrumb","item":"https:\/\/www.globalwine.ch\/cms\/"},{"@type":"ListItem","position":2,"name":"25 Jahre Globalwine"}]},{"@type":"WebSite","@id":"https:\/\/www.globalwine.ch\/cms\/#website","url":"https:\/\/www.globalwine.ch\/cms\/","name":"Globalwine","description":"","publisher":{"@id":"https:\/\/www.globalwine.ch\/cms\/#organization"},"potentialAction":[{"@type":"SearchAction","target":{"@type":"EntryPoint","urlTemplate":"https:\/\/www.globalwine.ch\/cms\/?s={search_term_string}"},"query-input":{"@type":"PropertyValueSpecification","valueRequired":true,"valueName":"search_term_string"}}],"inLanguage":"de-CH"},{"@type":"Organization","@id":"https:\/\/www.globalwine.ch\/cms\/#organization","name":"Globalwine AG","url":"https:\/\/www.globalwine.ch\/cms\/","logo":{"@type":"ImageObject","inLanguage":"de-CH","@id":"https:\/\/www.globalwine.ch\/cms\/#\/schema\/logo\/image\/","url":"https:\/\/www.globalwine.ch\/cms\/wp-content\/uploads\/2021\/04\/globalwine-logo.png","contentUrl":"https:\/\/www.globalwine.ch\/cms\/wp-content\/uploads\/2021\/04\/globalwine-logo.png","width":931,"height":144,"caption":"Globalwine AG"},"image":{"@id":"https:\/\/www.globalwine.ch\/cms\/#\/schema\/logo\/image\/"},"sameAs":["https:\/\/www.facebook.com\/GlobalwineAG","https:\/\/www.instagram.com\/globalwine_ch","https:\/\/www.linkedin.com\/company\/5823327","https:\/\/www.youtube.com\/channel\/UCaXmwERn0IR5rrbwRvaFesg"]},{"@type":"Person","@id":"https:\/\/www.globalwine.ch\/cms\/#\/schema\/person\/0dd9822402bfc2651069f318cb872261","name":"editor","image":{"@type":"ImageObject","inLanguage":"de-CH","@id":"https:\/\/secure.gravatar.com\/avatar\/94fa764edf2fd8547cf3704481989b4730cc0de2d395ec0e887f33117edcc176?s=96&d=mm&r=g","url":"https:\/\/secure.gravatar.com\/avatar\/94fa764edf2fd8547cf3704481989b4730cc0de2d395ec0e887f33117edcc176?s=96&d=mm&r=g","contentUrl":"https:\/\/secure.gravatar.com\/avatar\/94fa764edf2fd8547cf3704481989b4730cc0de2d395ec0e887f33117edcc176?s=96&d=mm&r=g","caption":"editor"}}]}},"_links":{"self":[{"href":"https:\/\/www.globalwine.ch\/cms\/wp-json\/wp\/v2\/posts\/2189","targetHints":{"allow":["GET"]}}],"collection":[{"href":"https:\/\/www.globalwine.ch\/cms\/wp-json\/wp\/v2\/posts"}],"about":[{"href":"https:\/\/www.globalwine.ch\/cms\/wp-json\/wp\/v2\/types\/post"}],"author":[{"embeddable":true,"href":"https:\/\/www.globalwine.ch\/cms\/wp-json\/wp\/v2\/users\/2"}],"replies":[{"embeddable":true,"href":"https:\/\/www.globalwine.ch\/cms\/wp-json\/wp\/v2\/comments?post=2189"}],"version-history":[{"count":23,"href":"https:\/\/www.globalwine.ch\/cms\/wp-json\/wp\/v2\/posts\/2189\/revisions"}],"predecessor-version":[{"id":2433,"href":"https:\/\/www.globalwine.ch\/cms\/wp-json\/wp\/v2\/posts\/2189\/revisions\/2433"}],"wp:featuredmedia":[{"embeddable":true,"href":"https:\/\/www.globalwine.ch\/cms\/wp-json\/wp\/v2\/media\/2328"}],"wp:attachment":[{"href":"https:\/\/www.globalwine.ch\/cms\/wp-json\/wp\/v2\/media?parent=2189"}],"wp:term":[{"taxonomy":"category","embeddable":true,"href":"https:\/\/www.globalwine.ch\/cms\/wp-json\/wp\/v2\/categories?post=2189"},{"taxonomy":"post_tag","embeddable":true,"href":"https:\/\/www.globalwine.ch\/cms\/wp-json\/wp\/v2\/tags?post=2189"}],"curies":[{"name":"wp","href":"https:\/\/api.w.org\/{rel}","templated":true}]}}