{"id":1270,"date":"2022-03-01T07:40:40","date_gmt":"2022-03-01T06:40:40","guid":{"rendered":"https:\/\/www.globalwine.ch\/cms\/?post_type=story&#038;p=1270"},"modified":"2022-10-25T15:35:15","modified_gmt":"2022-10-25T13:35:15","slug":"domane-fournier-david-geisser","status":"publish","type":"story","link":"https:\/\/www.globalwine.ch\/cms\/story\/domane-fournier-david-geisser\/","title":{"rendered":"David Geisser empfiehlt Domaine Fournier P\u00e8re et Fils"},"content":{"rendered":"","protected":false},"excerpt":{"rendered":"<p>David Geisser empfiehl zu Artischocken den Pouilly Fum\u00e9 Grand Cuv\u00e9e 2017 von Domaine Fournier aus der Loire.<\/p>\n","protected":false},"featured_media":1432,"template":"","class_list":["post-1270","story","type-story","status-publish","has-post-thumbnail","hentry"],"acf":{"hide_pagetitle":false,"header_block":{"header_block_title":"","header_block_title_size":"default","header_block_subtitle":"","header_block_button":"","header_block_background_image":false},"inhaltselemente":[{"acf_fc_layout":"einspalter_text","einspalter_text_titel":"","einspalter_text_titel_typ":"2","einspalter_text_titel_fake":false,"einspalter_text_content":"<p>David Geisser empfiehlt zu Artischocken den Pouilly Fum\u00e9 Grand Cuv\u00e9e 2017 von Domaine Fournier aus der Loire. Die Finesse vom Pouilly Fum\u00e9 passt zu den feinen Geschmacks-Nuancen der Artischocke w\u00e4hrend seine Opulenz und \u00dcppigkeit einen guten Gegenpol zum Pinienkern-Mascarpone-Dip bieten.<\/p>\n"},{"acf_fc_layout":"header","header_titel":"David Geisser, Koch aus Leidenschaft","header_typ":"2","header_fake":false,"header_intertitle":false,"header_alignment":"center"},{"acf_fc_layout":"image","image":false,"image_video":"<p><iframe loading=\"lazy\" title=\"Marinierte Artischoken und Pouilly Fum\u00e9 Grand Cuv\u00e9e von Domaine Fournier\" width=\"1400\" height=\"788\" src=\"https:\/\/www.youtube-nocookie.com\/embed\/M-qdhlreKHM?feature=oembed&#038;rel=0\" frameborder=\"0\" allow=\"accelerometer; autoplay; clipboard-write; encrypted-media; gyroscope; picture-in-picture\" allowfullscreen><\/iframe><\/p>\n"},{"acf_fc_layout":"einspalter_text","einspalter_text_titel":"Marinierte Artischocken mit Limetten & Pinienkernen von David Geisser","einspalter_text_titel_typ":"2","einspalter_text_titel_fake":false,"einspalter_text_content":"<p><strong>Zutaten<\/strong><br \/>\n4 grosse Artischocken<br \/>\n175 g Pinienkerne<br \/>\n100 g Mascarpone<br \/>\n100 ml Rahm<br \/>\n10 g Kerbel, frisch<br \/>\n2 Limetten \u00bd Zitrone<br \/>\n2 Tomaten<br \/>\n4 El Oliven\u00f6l<br \/>\nSchwarzer Pfeffer aus der M\u00fchle, Meersalz<\/p>\n<p><strong>Zubereitung<\/strong><br \/>\nSalzwasser in einem Topf zum Kochen bringen. Von den Artischocken, die Stiele vorsichtig ausbrechen. Die Artischocken und die halbe Zitrone in das kochende Wasser geben und solange vor dem Siedepunkt ziehen lassen, bis sich die Bl\u00e4ttchen leicht ausziehen lassen. Die Artischocken herausnehmen und abtropfen lassen. Die Pinienkerne in einer Pfanne ohne Fettzugabe hellbraun anr\u00f6sten. Einen Essl\u00f6ffel Pinienkerne f\u00fcr die Garnitur beiseitestellen. Den Kerbel waschen, trocken sch\u00fctteln und von den Stielen zupfen. Die restlichen Pinienkerne mit der Mascarpone und den Kerbelbl\u00e4ttchen im Mixer fein p\u00fcrieren. Mit Meersalz und Pfeffer w\u00fcrzen. Den Saft einer Limette mit dem Oliven &#8211; \u00f6l vermischen und mit Meersalz und Pfeffer abschmecken.<\/p>\n<p>Die Artischockenbl\u00e4tter sorgf\u00e4ltig herausziehen. Das Heu von den Artischockenb\u00f6den mit einem L\u00f6ffel entfernen. Die Artischocken auf einen Teller stellen und mit etwas Oliven\u00f6lmarinade betr\u00e4ufeln. Die restliche Oliven\u00f6lmarinade aufheben. Die Tomaten blanchieren und kalt abschrecken. Die Tomaten sch\u00e4len, den Stielansatz und das Kerngeh\u00e4use entfernen. Das Tomatenfleisch in kleine W\u00fcrfel schneiden und leicht salzen. Die Limetten filetieren. Den Rahm steifschlagen und unter die Pinienkernmasse ziehen. Den ausgeh\u00f6lten Innenraum der Artischockenb\u00f6den mit der Pinienkern-Creme f\u00fcllen, die restliche Oliven\u00f6lmarinade dar\u00fcber verteilen und mit den restlichen Pinienkernen, den Tomatenw\u00fcrfeln, den Artischockenbl\u00e4ttern und den Limettenschnitzen garnieren.<\/p>\n"},{"acf_fc_layout":"image_text","image_text_titel":"Pouilly Fum\u00e9 Grande Cuv\u00e9e 2017, Domaine Fournier P\u00e8re et Fils","image_text_titel_typ":"2","image_text_titel_fake":false,"image_text_link":"","image_text_content":"<p>Die Nase besticht durch ihre Komplexit\u00e4t mit Aromen von Mango und schwarzen Johannisbeer-Knospen. Am Gaumen ist er opulent und \u00fcberzeugt durch Finesse und Intensit\u00e4t.<\/p>\n<p><strong>Traubensorte<\/strong>: Sauvignon Blanc<br \/>\n<strong>Ausbau:<\/strong> Im Stahltank rund 6 Monate auf der Feinhefe<br \/>\n<strong>Trinkreife:<\/strong> Jetzt bis 2025<\/p>\n<p><a href=\"https:\/\/www.globalwine.ch\/pouilly-fume-grande-cuvee-2017-domaine-fournier-pere-et-fils-75cl\">Mehr erfahren \u00fcber Pouilly Fum\u00e9 Grande Cuv\u00e9e 2017<\/a><\/p>\n","image_text_bild":1271,"image_text_video":"","image_text_position_bild":"left","image_text_layout":"layout-two"},{"acf_fc_layout":"image_text","image_text_titel":"Domaine Fournier P\u00e8re et Fils \u2013 Trouvaille aus der Loire","image_text_titel_typ":"2","image_text_titel_fake":false,"image_text_link":"","image_text_content":"<p>Die Geschichte der Domaine Fournier P\u00e8re et Fils und die Geschichte der Sancerre-Weine sind eng miteinander verbunden. Das Weingut liegt seit 1926 im Herzen der Appellation Sancerre. Durch Beharrlichkeit und Unternehmergeist hat sich das Familiengut Fournier zu einem Vorzeigeweingut in Sancerre entwickelt. Die Weissweine der Domaine sind nicht nur komplex und vielschichtig, sie sind auch ideale Essbegleiter der gehobenen K\u00fcche. Sie sind Ausdruck der authentischen franz\u00f6sischen Lebensart, der Traditionen und dessen Erbe.<\/p>\n<p><a href=\"https:\/\/www.globalwine.ch\/winzer\/frankreich\/loire\/domaine-fournier-pere-et-fils-loire\/\">Mehr erfahren \u00fcber Domaine Fournier P\u00e8re et Fils<\/a><\/p>\n","image_text_bild":1137,"image_text_video":"","image_text_position_bild":"right","image_text_layout":"layout-two"}]},"yoast_head":"<!-- This site is optimized with the Yoast SEO plugin v27.5 - https:\/\/yoast.com\/product\/yoast-seo-wordpress\/ -->\n<title>David Geisser empfiehlt Domaine Fournier P\u00e8re et Fils - Globalwine<\/title>\n<meta name=\"description\" content=\"David Geisser empfiehlt zu Artischocken den Pouilly Fum\u00e9 Grand Cuv\u00e9e 2017 von Domaine Fournier aus der Loire.\" \/>\n<meta name=\"robots\" content=\"index, follow, max-snippet:-1, max-image-preview:large, max-video-preview:-1\" \/>\n<link rel=\"canonical\" href=\"https:\/\/www.globalwine.ch\/cms\/story\/domane-fournier-david-geisser\/\" \/>\n<meta property=\"og:locale\" content=\"de_DE\" \/>\n<meta property=\"og:type\" content=\"article\" \/>\n<meta property=\"og:title\" content=\"David Geisser empfiehlt Domaine Fournier P\u00e8re et Fils - Globalwine\" \/>\n<meta property=\"og:description\" content=\"David Geisser empfiehlt zu Artischocken den Pouilly Fum\u00e9 Grand Cuv\u00e9e 2017 von Domaine Fournier aus der Loire.\" \/>\n<meta property=\"og:url\" content=\"https:\/\/www.globalwine.ch\/cms\/story\/domane-fournier-david-geisser\/\" \/>\n<meta property=\"og:site_name\" content=\"Globalwine\" \/>\n<meta property=\"article:publisher\" content=\"https:\/\/www.facebook.com\/GlobalwineAG\" \/>\n<meta property=\"article:modified_time\" content=\"2022-10-25T13:35:15+00:00\" \/>\n<meta property=\"og:image\" content=\"https:\/\/www.globalwine.ch\/cms\/wp-content\/uploads\/2022\/03\/Geisser.jpg\" \/>\n\t<meta property=\"og:image:width\" content=\"2000\" \/>\n\t<meta property=\"og:image:height\" content=\"1280\" \/>\n\t<meta property=\"og:image:type\" content=\"image\/jpeg\" \/>\n<meta name=\"twitter:card\" content=\"summary_large_image\" \/>\n<script type=\"application\/ld+json\" class=\"yoast-schema-graph\">{\"@context\":\"https:\\\/\\\/schema.org\",\"@graph\":[{\"@type\":\"WebPage\",\"@id\":\"https:\\\/\\\/www.globalwine.ch\\\/cms\\\/story\\\/domane-fournier-david-geisser\\\/\",\"url\":\"https:\\\/\\\/www.globalwine.ch\\\/cms\\\/story\\\/domane-fournier-david-geisser\\\/\",\"name\":\"David Geisser empfiehlt Domaine Fournier P\u00e8re et Fils - Globalwine\",\"isPartOf\":{\"@id\":\"https:\\\/\\\/www.globalwine.ch\\\/cms\\\/#website\"},\"primaryImageOfPage\":{\"@id\":\"https:\\\/\\\/www.globalwine.ch\\\/cms\\\/story\\\/domane-fournier-david-geisser\\\/#primaryimage\"},\"image\":{\"@id\":\"https:\\\/\\\/www.globalwine.ch\\\/cms\\\/story\\\/domane-fournier-david-geisser\\\/#primaryimage\"},\"thumbnailUrl\":\"https:\\\/\\\/www.globalwine.ch\\\/cms\\\/wp-content\\\/uploads\\\/2022\\\/03\\\/Geisser.jpg\",\"datePublished\":\"2022-03-01T06:40:40+00:00\",\"dateModified\":\"2022-10-25T13:35:15+00:00\",\"description\":\"David Geisser empfiehlt zu Artischocken den Pouilly Fum\u00e9 Grand Cuv\u00e9e 2017 von Domaine Fournier aus der Loire.\",\"breadcrumb\":{\"@id\":\"https:\\\/\\\/www.globalwine.ch\\\/cms\\\/story\\\/domane-fournier-david-geisser\\\/#breadcrumb\"},\"inLanguage\":\"de-CH\",\"potentialAction\":[{\"@type\":\"ReadAction\",\"target\":[\"https:\\\/\\\/www.globalwine.ch\\\/cms\\\/story\\\/domane-fournier-david-geisser\\\/\"]}]},{\"@type\":\"ImageObject\",\"inLanguage\":\"de-CH\",\"@id\":\"https:\\\/\\\/www.globalwine.ch\\\/cms\\\/story\\\/domane-fournier-david-geisser\\\/#primaryimage\",\"url\":\"https:\\\/\\\/www.globalwine.ch\\\/cms\\\/wp-content\\\/uploads\\\/2022\\\/03\\\/Geisser.jpg\",\"contentUrl\":\"https:\\\/\\\/www.globalwine.ch\\\/cms\\\/wp-content\\\/uploads\\\/2022\\\/03\\\/Geisser.jpg\",\"width\":2000,\"height\":1280,\"caption\":\"David Geisser\"},{\"@type\":\"BreadcrumbList\",\"@id\":\"https:\\\/\\\/www.globalwine.ch\\\/cms\\\/story\\\/domane-fournier-david-geisser\\\/#breadcrumb\",\"itemListElement\":[{\"@type\":\"ListItem\",\"position\":1,\"name\":\"Breadcrumb\",\"item\":\"https:\\\/\\\/www.globalwine.ch\\\/cms\\\/\"},{\"@type\":\"ListItem\",\"position\":2,\"name\":\"Stories\",\"item\":\"https:\\\/\\\/www.globalwine.ch\\\/cms\\\/story\\\/\"},{\"@type\":\"ListItem\",\"position\":3,\"name\":\"David Geisser empfiehlt Domaine Fournier P\u00e8re et Fils\"}]},{\"@type\":\"WebSite\",\"@id\":\"https:\\\/\\\/www.globalwine.ch\\\/cms\\\/#website\",\"url\":\"https:\\\/\\\/www.globalwine.ch\\\/cms\\\/\",\"name\":\"Globalwine\",\"description\":\"\",\"publisher\":{\"@id\":\"https:\\\/\\\/www.globalwine.ch\\\/cms\\\/#organization\"},\"potentialAction\":[{\"@type\":\"SearchAction\",\"target\":{\"@type\":\"EntryPoint\",\"urlTemplate\":\"https:\\\/\\\/www.globalwine.ch\\\/cms\\\/?s={search_term_string}\"},\"query-input\":{\"@type\":\"PropertyValueSpecification\",\"valueRequired\":true,\"valueName\":\"search_term_string\"}}],\"inLanguage\":\"de-CH\"},{\"@type\":\"Organization\",\"@id\":\"https:\\\/\\\/www.globalwine.ch\\\/cms\\\/#organization\",\"name\":\"Globalwine AG\",\"url\":\"https:\\\/\\\/www.globalwine.ch\\\/cms\\\/\",\"logo\":{\"@type\":\"ImageObject\",\"inLanguage\":\"de-CH\",\"@id\":\"https:\\\/\\\/www.globalwine.ch\\\/cms\\\/#\\\/schema\\\/logo\\\/image\\\/\",\"url\":\"https:\\\/\\\/www.globalwine.ch\\\/cms\\\/wp-content\\\/uploads\\\/2021\\\/04\\\/globalwine-logo.png\",\"contentUrl\":\"https:\\\/\\\/www.globalwine.ch\\\/cms\\\/wp-content\\\/uploads\\\/2021\\\/04\\\/globalwine-logo.png\",\"width\":931,\"height\":144,\"caption\":\"Globalwine AG\"},\"image\":{\"@id\":\"https:\\\/\\\/www.globalwine.ch\\\/cms\\\/#\\\/schema\\\/logo\\\/image\\\/\"},\"sameAs\":[\"https:\\\/\\\/www.facebook.com\\\/GlobalwineAG\",\"https:\\\/\\\/www.instagram.com\\\/globalwine_ch\",\"https:\\\/\\\/www.linkedin.com\\\/company\\\/5823327\",\"https:\\\/\\\/www.youtube.com\\\/channel\\\/UCaXmwERn0IR5rrbwRvaFesg\"]}]}<\/script>\n<!-- \/ Yoast SEO plugin. -->","yoast_head_json":{"title":"David Geisser empfiehlt Domaine Fournier P\u00e8re et Fils - Globalwine","description":"David Geisser empfiehlt zu Artischocken den Pouilly Fum\u00e9 Grand Cuv\u00e9e 2017 von Domaine Fournier aus der Loire.","robots":{"index":"index","follow":"follow","max-snippet":"max-snippet:-1","max-image-preview":"max-image-preview:large","max-video-preview":"max-video-preview:-1"},"canonical":"https:\/\/www.globalwine.ch\/cms\/story\/domane-fournier-david-geisser\/","og_locale":"de_DE","og_type":"article","og_title":"David Geisser empfiehlt Domaine Fournier P\u00e8re et Fils - Globalwine","og_description":"David Geisser empfiehlt zu Artischocken den Pouilly Fum\u00e9 Grand Cuv\u00e9e 2017 von Domaine Fournier aus der Loire.","og_url":"https:\/\/www.globalwine.ch\/cms\/story\/domane-fournier-david-geisser\/","og_site_name":"Globalwine","article_publisher":"https:\/\/www.facebook.com\/GlobalwineAG","article_modified_time":"2022-10-25T13:35:15+00:00","og_image":[{"width":2000,"height":1280,"url":"https:\/\/www.globalwine.ch\/cms\/wp-content\/uploads\/2022\/03\/Geisser.jpg","type":"image\/jpeg"}],"twitter_card":"summary_large_image","schema":{"@context":"https:\/\/schema.org","@graph":[{"@type":"WebPage","@id":"https:\/\/www.globalwine.ch\/cms\/story\/domane-fournier-david-geisser\/","url":"https:\/\/www.globalwine.ch\/cms\/story\/domane-fournier-david-geisser\/","name":"David Geisser empfiehlt Domaine Fournier P\u00e8re et Fils - Globalwine","isPartOf":{"@id":"https:\/\/www.globalwine.ch\/cms\/#website"},"primaryImageOfPage":{"@id":"https:\/\/www.globalwine.ch\/cms\/story\/domane-fournier-david-geisser\/#primaryimage"},"image":{"@id":"https:\/\/www.globalwine.ch\/cms\/story\/domane-fournier-david-geisser\/#primaryimage"},"thumbnailUrl":"https:\/\/www.globalwine.ch\/cms\/wp-content\/uploads\/2022\/03\/Geisser.jpg","datePublished":"2022-03-01T06:40:40+00:00","dateModified":"2022-10-25T13:35:15+00:00","description":"David Geisser empfiehlt zu Artischocken den Pouilly Fum\u00e9 Grand Cuv\u00e9e 2017 von Domaine Fournier aus der Loire.","breadcrumb":{"@id":"https:\/\/www.globalwine.ch\/cms\/story\/domane-fournier-david-geisser\/#breadcrumb"},"inLanguage":"de-CH","potentialAction":[{"@type":"ReadAction","target":["https:\/\/www.globalwine.ch\/cms\/story\/domane-fournier-david-geisser\/"]}]},{"@type":"ImageObject","inLanguage":"de-CH","@id":"https:\/\/www.globalwine.ch\/cms\/story\/domane-fournier-david-geisser\/#primaryimage","url":"https:\/\/www.globalwine.ch\/cms\/wp-content\/uploads\/2022\/03\/Geisser.jpg","contentUrl":"https:\/\/www.globalwine.ch\/cms\/wp-content\/uploads\/2022\/03\/Geisser.jpg","width":2000,"height":1280,"caption":"David Geisser"},{"@type":"BreadcrumbList","@id":"https:\/\/www.globalwine.ch\/cms\/story\/domane-fournier-david-geisser\/#breadcrumb","itemListElement":[{"@type":"ListItem","position":1,"name":"Breadcrumb","item":"https:\/\/www.globalwine.ch\/cms\/"},{"@type":"ListItem","position":2,"name":"Stories","item":"https:\/\/www.globalwine.ch\/cms\/story\/"},{"@type":"ListItem","position":3,"name":"David Geisser empfiehlt Domaine Fournier P\u00e8re et Fils"}]},{"@type":"WebSite","@id":"https:\/\/www.globalwine.ch\/cms\/#website","url":"https:\/\/www.globalwine.ch\/cms\/","name":"Globalwine","description":"","publisher":{"@id":"https:\/\/www.globalwine.ch\/cms\/#organization"},"potentialAction":[{"@type":"SearchAction","target":{"@type":"EntryPoint","urlTemplate":"https:\/\/www.globalwine.ch\/cms\/?s={search_term_string}"},"query-input":{"@type":"PropertyValueSpecification","valueRequired":true,"valueName":"search_term_string"}}],"inLanguage":"de-CH"},{"@type":"Organization","@id":"https:\/\/www.globalwine.ch\/cms\/#organization","name":"Globalwine AG","url":"https:\/\/www.globalwine.ch\/cms\/","logo":{"@type":"ImageObject","inLanguage":"de-CH","@id":"https:\/\/www.globalwine.ch\/cms\/#\/schema\/logo\/image\/","url":"https:\/\/www.globalwine.ch\/cms\/wp-content\/uploads\/2021\/04\/globalwine-logo.png","contentUrl":"https:\/\/www.globalwine.ch\/cms\/wp-content\/uploads\/2021\/04\/globalwine-logo.png","width":931,"height":144,"caption":"Globalwine AG"},"image":{"@id":"https:\/\/www.globalwine.ch\/cms\/#\/schema\/logo\/image\/"},"sameAs":["https:\/\/www.facebook.com\/GlobalwineAG","https:\/\/www.instagram.com\/globalwine_ch","https:\/\/www.linkedin.com\/company\/5823327","https:\/\/www.youtube.com\/channel\/UCaXmwERn0IR5rrbwRvaFesg"]}]}},"_links":{"self":[{"href":"https:\/\/www.globalwine.ch\/cms\/wp-json\/wp\/v2\/story\/1270","targetHints":{"allow":["GET"]}}],"collection":[{"href":"https:\/\/www.globalwine.ch\/cms\/wp-json\/wp\/v2\/story"}],"about":[{"href":"https:\/\/www.globalwine.ch\/cms\/wp-json\/wp\/v2\/types\/story"}],"wp:featuredmedia":[{"embeddable":true,"href":"https:\/\/www.globalwine.ch\/cms\/wp-json\/wp\/v2\/media\/1432"}],"wp:attachment":[{"href":"https:\/\/www.globalwine.ch\/cms\/wp-json\/wp\/v2\/media?parent=1270"}],"curies":[{"name":"wp","href":"https:\/\/api.w.org\/{rel}","templated":true}]}}