{"id":1541,"date":"2022-05-20T09:57:28","date_gmt":"2022-05-20T07:57:28","guid":{"rendered":"https:\/\/www.globalwine.ch\/cms\/?post_type=story&#038;p=1541"},"modified":"2022-10-25T15:34:13","modified_gmt":"2022-10-25T13:34:13","slug":"unesco-welterbe-prosecco-di-conegliano-und-valdobiadene","status":"publish","type":"story","link":"https:\/\/www.globalwine.ch\/cms\/story\/unesco-welterbe-prosecco-di-conegliano-und-valdobiadene\/","title":{"rendered":"Unesco Welterbe: Prosecco di Conegliano und Valdobiadene"},"content":{"rendered":"","protected":false},"excerpt":{"rendered":"<p>2019 erkennt die UNESCO-Versammlung das Weltkulturerbe \u00abDie H\u00fcgel von Prosecco di Conegliano und Valdobbiadene\u00bb an und tr\u00e4gt sie in die Liste der zu sch\u00fctzenden Kulturlandschaften ein.<\/p>\n","protected":false},"featured_media":1551,"template":"","class_list":["post-1541","story","type-story","status-publish","has-post-thumbnail","hentry"],"acf":{"hide_pagetitle":false,"header_block":{"header_block_title":"","header_block_title_size":"default","header_block_subtitle":"","header_block_button":"","header_block_background_image":false},"inhaltselemente":[{"acf_fc_layout":"einspalter_text","einspalter_text_titel":"","einspalter_text_titel_typ":"2","einspalter_text_titel_fake":false,"einspalter_text_content":"<p>Die H\u00fcgel von Prosecco di Conegliano und Valdobbiadene stehen seit 2019 auf der UNESCO-Liste der zu sch\u00fctzenden Kulturlandschaften. Steile H\u00fcgel und kleine Rebparzellen pr\u00e4gen die Kulturlandschaft im Nordosten Italiens. Der Mensch hat diese Region \u00fcber Jahrhunderte geformt. Seit dem 17. Jahrhundert ist so eine besondere Mosaik-Landschaft aus parallel und vertikal zu den H\u00e4ngen verlaufenden Rebst\u00f6cken entstanden. Prosecco ist zudem die Heimat eigenst\u00e4ndiger Schaumweine und uralter kulinarischer Traditionen.<\/p>\n"},{"acf_fc_layout":"image","image":1551,"image_video":""},{"acf_fc_layout":"einspalter_text","einspalter_text_titel":"Prosecco-Hersteller bei Globalwine: San Venanzio Fortunato","einspalter_text_titel_typ":"2","einspalter_text_titel_fake":false,"einspalter_text_content":"<p>Der Name San Venanzio Fortunato geht auf den Anfang des 6. Jahrhunderts in Valdobbiadene geborenen Heiligen Venantius zur\u00fcck, der sp\u00e4ter als bedeutender Dichter und Bischof von Poitiers in die Geschichte einging. Von der Bruderschaft des Prosecco von Valdobbiadene wird er noch heute als ihr Schutzheiliger verehrt. <\/p>\n<p>Die Wahl dieses Namens l\u00e4sst erahnen, dass das Weingut einen grossen Respekt f\u00fcr Traditionen und Werte hegt. Gleichzeitig ist den Eigent\u00fcmern der Einsatz modernster Technologien \u00e4usserst wichtig, um das qualitativ hochwertige Traubengut aus den besten Lagen des Valdobbiadene m\u00f6glichst schonend zu verarbeiten und um allerbeste Prosecci herzustellen.<\/p>\n<p><a href=\"https:\/\/www.globalwine.ch\/winzer\/italien\/veneto\/san-venanzio-fortunato\/\">Mehr erfahren \u00fcber San Venanzio Fortunato<\/a><\/p>\n"}]},"yoast_head":"<!-- This site is optimized with the Yoast SEO plugin v27.4 - https:\/\/yoast.com\/product\/yoast-seo-wordpress\/ -->\n<title>Unesco Welterbe: Prosecco di Conegliano und Valdobiadene - Globalwine<\/title>\n<meta name=\"description\" content=\"Die H\u00fcgel von Prosecco di Conegliano und Valdobbiadene stehen seit 2019 auf der UNESCO-Liste der zu sch\u00fctzenden Kulturlandschaften.\" \/>\n<meta name=\"robots\" content=\"index, follow, max-snippet:-1, max-image-preview:large, max-video-preview:-1\" \/>\n<link rel=\"canonical\" href=\"https:\/\/www.globalwine.ch\/cms\/story\/unesco-welterbe-prosecco-di-conegliano-und-valdobiadene\/\" \/>\n<meta property=\"og:locale\" content=\"de_DE\" \/>\n<meta property=\"og:type\" content=\"article\" \/>\n<meta property=\"og:title\" content=\"Unesco Welterbe: Prosecco di Conegliano und Valdobiadene - Globalwine\" \/>\n<meta property=\"og:description\" content=\"Die H\u00fcgel von Prosecco di Conegliano und Valdobbiadene stehen seit 2019 auf der UNESCO-Liste der zu sch\u00fctzenden Kulturlandschaften.\" \/>\n<meta property=\"og:url\" content=\"https:\/\/www.globalwine.ch\/cms\/story\/unesco-welterbe-prosecco-di-conegliano-und-valdobiadene\/\" \/>\n<meta property=\"og:site_name\" content=\"Globalwine\" \/>\n<meta property=\"article:publisher\" content=\"https:\/\/www.facebook.com\/GlobalwineAG\" \/>\n<meta property=\"article:modified_time\" content=\"2022-10-25T13:34:13+00:00\" \/>\n<meta property=\"og:image\" content=\"https:\/\/www.globalwine.ch\/cms\/wp-content\/uploads\/2022\/05\/Prosecco.jpg\" \/>\n\t<meta property=\"og:image:width\" content=\"2000\" \/>\n\t<meta property=\"og:image:height\" content=\"1280\" \/>\n\t<meta property=\"og:image:type\" content=\"image\/jpeg\" \/>\n<meta name=\"twitter:card\" content=\"summary_large_image\" \/>\n<script type=\"application\/ld+json\" class=\"yoast-schema-graph\">{\"@context\":\"https:\\\/\\\/schema.org\",\"@graph\":[{\"@type\":\"WebPage\",\"@id\":\"https:\\\/\\\/www.globalwine.ch\\\/cms\\\/story\\\/unesco-welterbe-prosecco-di-conegliano-und-valdobiadene\\\/\",\"url\":\"https:\\\/\\\/www.globalwine.ch\\\/cms\\\/story\\\/unesco-welterbe-prosecco-di-conegliano-und-valdobiadene\\\/\",\"name\":\"Unesco Welterbe: Prosecco di Conegliano und Valdobiadene - Globalwine\",\"isPartOf\":{\"@id\":\"https:\\\/\\\/www.globalwine.ch\\\/cms\\\/#website\"},\"primaryImageOfPage\":{\"@id\":\"https:\\\/\\\/www.globalwine.ch\\\/cms\\\/story\\\/unesco-welterbe-prosecco-di-conegliano-und-valdobiadene\\\/#primaryimage\"},\"image\":{\"@id\":\"https:\\\/\\\/www.globalwine.ch\\\/cms\\\/story\\\/unesco-welterbe-prosecco-di-conegliano-und-valdobiadene\\\/#primaryimage\"},\"thumbnailUrl\":\"https:\\\/\\\/www.globalwine.ch\\\/cms\\\/wp-content\\\/uploads\\\/2022\\\/05\\\/Prosecco.jpg\",\"datePublished\":\"2022-05-20T07:57:28+00:00\",\"dateModified\":\"2022-10-25T13:34:13+00:00\",\"description\":\"Die H\u00fcgel von Prosecco di Conegliano und Valdobbiadene stehen seit 2019 auf der UNESCO-Liste der zu sch\u00fctzenden Kulturlandschaften.\",\"breadcrumb\":{\"@id\":\"https:\\\/\\\/www.globalwine.ch\\\/cms\\\/story\\\/unesco-welterbe-prosecco-di-conegliano-und-valdobiadene\\\/#breadcrumb\"},\"inLanguage\":\"de-CH\",\"potentialAction\":[{\"@type\":\"ReadAction\",\"target\":[\"https:\\\/\\\/www.globalwine.ch\\\/cms\\\/story\\\/unesco-welterbe-prosecco-di-conegliano-und-valdobiadene\\\/\"]}]},{\"@type\":\"ImageObject\",\"inLanguage\":\"de-CH\",\"@id\":\"https:\\\/\\\/www.globalwine.ch\\\/cms\\\/story\\\/unesco-welterbe-prosecco-di-conegliano-und-valdobiadene\\\/#primaryimage\",\"url\":\"https:\\\/\\\/www.globalwine.ch\\\/cms\\\/wp-content\\\/uploads\\\/2022\\\/05\\\/Prosecco.jpg\",\"contentUrl\":\"https:\\\/\\\/www.globalwine.ch\\\/cms\\\/wp-content\\\/uploads\\\/2022\\\/05\\\/Prosecco.jpg\",\"width\":2000,\"height\":1280,\"caption\":\"Rebberge von Prosecco di Conegliano\"},{\"@type\":\"BreadcrumbList\",\"@id\":\"https:\\\/\\\/www.globalwine.ch\\\/cms\\\/story\\\/unesco-welterbe-prosecco-di-conegliano-und-valdobiadene\\\/#breadcrumb\",\"itemListElement\":[{\"@type\":\"ListItem\",\"position\":1,\"name\":\"Breadcrumb\",\"item\":\"https:\\\/\\\/www.globalwine.ch\\\/cms\\\/\"},{\"@type\":\"ListItem\",\"position\":2,\"name\":\"Stories\",\"item\":\"https:\\\/\\\/www.globalwine.ch\\\/cms\\\/story\\\/\"},{\"@type\":\"ListItem\",\"position\":3,\"name\":\"Unesco Welterbe: Prosecco di Conegliano und Valdobiadene\"}]},{\"@type\":\"WebSite\",\"@id\":\"https:\\\/\\\/www.globalwine.ch\\\/cms\\\/#website\",\"url\":\"https:\\\/\\\/www.globalwine.ch\\\/cms\\\/\",\"name\":\"Globalwine\",\"description\":\"\",\"publisher\":{\"@id\":\"https:\\\/\\\/www.globalwine.ch\\\/cms\\\/#organization\"},\"potentialAction\":[{\"@type\":\"SearchAction\",\"target\":{\"@type\":\"EntryPoint\",\"urlTemplate\":\"https:\\\/\\\/www.globalwine.ch\\\/cms\\\/?s={search_term_string}\"},\"query-input\":{\"@type\":\"PropertyValueSpecification\",\"valueRequired\":true,\"valueName\":\"search_term_string\"}}],\"inLanguage\":\"de-CH\"},{\"@type\":\"Organization\",\"@id\":\"https:\\\/\\\/www.globalwine.ch\\\/cms\\\/#organization\",\"name\":\"Globalwine AG\",\"url\":\"https:\\\/\\\/www.globalwine.ch\\\/cms\\\/\",\"logo\":{\"@type\":\"ImageObject\",\"inLanguage\":\"de-CH\",\"@id\":\"https:\\\/\\\/www.globalwine.ch\\\/cms\\\/#\\\/schema\\\/logo\\\/image\\\/\",\"url\":\"https:\\\/\\\/www.globalwine.ch\\\/cms\\\/wp-content\\\/uploads\\\/2021\\\/04\\\/globalwine-logo.png\",\"contentUrl\":\"https:\\\/\\\/www.globalwine.ch\\\/cms\\\/wp-content\\\/uploads\\\/2021\\\/04\\\/globalwine-logo.png\",\"width\":931,\"height\":144,\"caption\":\"Globalwine AG\"},\"image\":{\"@id\":\"https:\\\/\\\/www.globalwine.ch\\\/cms\\\/#\\\/schema\\\/logo\\\/image\\\/\"},\"sameAs\":[\"https:\\\/\\\/www.facebook.com\\\/GlobalwineAG\",\"https:\\\/\\\/www.instagram.com\\\/globalwine_ch\",\"https:\\\/\\\/www.linkedin.com\\\/company\\\/5823327\",\"https:\\\/\\\/www.youtube.com\\\/channel\\\/UCaXmwERn0IR5rrbwRvaFesg\"]}]}<\/script>\n<!-- \/ Yoast SEO plugin. -->","yoast_head_json":{"title":"Unesco Welterbe: Prosecco di Conegliano und Valdobiadene - Globalwine","description":"Die H\u00fcgel von Prosecco di Conegliano und Valdobbiadene stehen seit 2019 auf der UNESCO-Liste der zu sch\u00fctzenden Kulturlandschaften.","robots":{"index":"index","follow":"follow","max-snippet":"max-snippet:-1","max-image-preview":"max-image-preview:large","max-video-preview":"max-video-preview:-1"},"canonical":"https:\/\/www.globalwine.ch\/cms\/story\/unesco-welterbe-prosecco-di-conegliano-und-valdobiadene\/","og_locale":"de_DE","og_type":"article","og_title":"Unesco Welterbe: Prosecco di Conegliano und Valdobiadene - Globalwine","og_description":"Die H\u00fcgel von Prosecco di Conegliano und Valdobbiadene stehen seit 2019 auf der UNESCO-Liste der zu sch\u00fctzenden Kulturlandschaften.","og_url":"https:\/\/www.globalwine.ch\/cms\/story\/unesco-welterbe-prosecco-di-conegliano-und-valdobiadene\/","og_site_name":"Globalwine","article_publisher":"https:\/\/www.facebook.com\/GlobalwineAG","article_modified_time":"2022-10-25T13:34:13+00:00","og_image":[{"width":2000,"height":1280,"url":"https:\/\/www.globalwine.ch\/cms\/wp-content\/uploads\/2022\/05\/Prosecco.jpg","type":"image\/jpeg"}],"twitter_card":"summary_large_image","schema":{"@context":"https:\/\/schema.org","@graph":[{"@type":"WebPage","@id":"https:\/\/www.globalwine.ch\/cms\/story\/unesco-welterbe-prosecco-di-conegliano-und-valdobiadene\/","url":"https:\/\/www.globalwine.ch\/cms\/story\/unesco-welterbe-prosecco-di-conegliano-und-valdobiadene\/","name":"Unesco Welterbe: Prosecco di Conegliano und Valdobiadene - Globalwine","isPartOf":{"@id":"https:\/\/www.globalwine.ch\/cms\/#website"},"primaryImageOfPage":{"@id":"https:\/\/www.globalwine.ch\/cms\/story\/unesco-welterbe-prosecco-di-conegliano-und-valdobiadene\/#primaryimage"},"image":{"@id":"https:\/\/www.globalwine.ch\/cms\/story\/unesco-welterbe-prosecco-di-conegliano-und-valdobiadene\/#primaryimage"},"thumbnailUrl":"https:\/\/www.globalwine.ch\/cms\/wp-content\/uploads\/2022\/05\/Prosecco.jpg","datePublished":"2022-05-20T07:57:28+00:00","dateModified":"2022-10-25T13:34:13+00:00","description":"Die H\u00fcgel von Prosecco di Conegliano und Valdobbiadene stehen seit 2019 auf der UNESCO-Liste der zu sch\u00fctzenden Kulturlandschaften.","breadcrumb":{"@id":"https:\/\/www.globalwine.ch\/cms\/story\/unesco-welterbe-prosecco-di-conegliano-und-valdobiadene\/#breadcrumb"},"inLanguage":"de-CH","potentialAction":[{"@type":"ReadAction","target":["https:\/\/www.globalwine.ch\/cms\/story\/unesco-welterbe-prosecco-di-conegliano-und-valdobiadene\/"]}]},{"@type":"ImageObject","inLanguage":"de-CH","@id":"https:\/\/www.globalwine.ch\/cms\/story\/unesco-welterbe-prosecco-di-conegliano-und-valdobiadene\/#primaryimage","url":"https:\/\/www.globalwine.ch\/cms\/wp-content\/uploads\/2022\/05\/Prosecco.jpg","contentUrl":"https:\/\/www.globalwine.ch\/cms\/wp-content\/uploads\/2022\/05\/Prosecco.jpg","width":2000,"height":1280,"caption":"Rebberge von Prosecco di Conegliano"},{"@type":"BreadcrumbList","@id":"https:\/\/www.globalwine.ch\/cms\/story\/unesco-welterbe-prosecco-di-conegliano-und-valdobiadene\/#breadcrumb","itemListElement":[{"@type":"ListItem","position":1,"name":"Breadcrumb","item":"https:\/\/www.globalwine.ch\/cms\/"},{"@type":"ListItem","position":2,"name":"Stories","item":"https:\/\/www.globalwine.ch\/cms\/story\/"},{"@type":"ListItem","position":3,"name":"Unesco Welterbe: Prosecco di Conegliano und Valdobiadene"}]},{"@type":"WebSite","@id":"https:\/\/www.globalwine.ch\/cms\/#website","url":"https:\/\/www.globalwine.ch\/cms\/","name":"Globalwine","description":"","publisher":{"@id":"https:\/\/www.globalwine.ch\/cms\/#organization"},"potentialAction":[{"@type":"SearchAction","target":{"@type":"EntryPoint","urlTemplate":"https:\/\/www.globalwine.ch\/cms\/?s={search_term_string}"},"query-input":{"@type":"PropertyValueSpecification","valueRequired":true,"valueName":"search_term_string"}}],"inLanguage":"de-CH"},{"@type":"Organization","@id":"https:\/\/www.globalwine.ch\/cms\/#organization","name":"Globalwine AG","url":"https:\/\/www.globalwine.ch\/cms\/","logo":{"@type":"ImageObject","inLanguage":"de-CH","@id":"https:\/\/www.globalwine.ch\/cms\/#\/schema\/logo\/image\/","url":"https:\/\/www.globalwine.ch\/cms\/wp-content\/uploads\/2021\/04\/globalwine-logo.png","contentUrl":"https:\/\/www.globalwine.ch\/cms\/wp-content\/uploads\/2021\/04\/globalwine-logo.png","width":931,"height":144,"caption":"Globalwine AG"},"image":{"@id":"https:\/\/www.globalwine.ch\/cms\/#\/schema\/logo\/image\/"},"sameAs":["https:\/\/www.facebook.com\/GlobalwineAG","https:\/\/www.instagram.com\/globalwine_ch","https:\/\/www.linkedin.com\/company\/5823327","https:\/\/www.youtube.com\/channel\/UCaXmwERn0IR5rrbwRvaFesg"]}]}},"_links":{"self":[{"href":"https:\/\/www.globalwine.ch\/cms\/wp-json\/wp\/v2\/story\/1541","targetHints":{"allow":["GET"]}}],"collection":[{"href":"https:\/\/www.globalwine.ch\/cms\/wp-json\/wp\/v2\/story"}],"about":[{"href":"https:\/\/www.globalwine.ch\/cms\/wp-json\/wp\/v2\/types\/story"}],"wp:featuredmedia":[{"embeddable":true,"href":"https:\/\/www.globalwine.ch\/cms\/wp-json\/wp\/v2\/media\/1551"}],"wp:attachment":[{"href":"https:\/\/www.globalwine.ch\/cms\/wp-json\/wp\/v2\/media?parent=1541"}],"curies":[{"name":"wp","href":"https:\/\/api.w.org\/{rel}","templated":true}]}}