{"id":2093,"date":"2022-11-11T10:18:25","date_gmt":"2022-11-11T09:18:25","guid":{"rendered":"https:\/\/www.globalwine.ch\/cms\/?post_type=story&#038;p=2093"},"modified":"2025-05-26T09:33:54","modified_gmt":"2025-05-26T07:33:54","slug":"alentejo-tipps-von-geri-theiler","status":"publish","type":"story","link":"https:\/\/www.globalwine.ch\/cms\/story\/alentejo-tipps-von-geri-theiler\/","title":{"rendered":"Alentejo-Tipps"},"content":{"rendered":"\n<p>Das portugiesische Weingut Quinta do Zambujeiro liegt unweit der Weinroute von Alentejo. Drei besonders sehenswerte Orte auf dieser Route sind zum Beispiel \u00c9vora, Estremoz und Vila Vi\u00e7osa \u2013 spannend sind sie vor allem auch deshalb, weil sich dort die Weinroute mit der Marmorroute des Alentejo kreuzt. Einige der gr\u00f6ssten Marmorsteinbr\u00fcche dieser Region befinden sich \u00fcbrigens in unmittelbarer N\u00e4he der Quinta do Zambujeiro.<\/p>\n","protected":false},"excerpt":{"rendered":"<p>\u00c9vora, Estremoz und Vila Vi\u00e7osa \u2013 spannend sind diese Orte vor allem auch deshalb, weil sich dort die Weinroute mit der Marmorroute des Alentejo kreuzt und sie sich in unmittelbarer N\u00e4he der Quinta do Zambujeiro befinden.<\/p>\n","protected":false},"featured_media":2091,"template":"","class_list":["post-2093","story","type-story","status-publish","has-post-thumbnail","hentry"],"acf":{"hide_pagetitle":false,"header_block":{"header_block_title":"","header_block_title_size":"default","header_block_subtitle":"","header_block_button":"","header_block_background_image":false},"inhaltselemente":[{"acf_fc_layout":"image_text","image_text_titel":"\u00c9vora","image_text_titel_typ":"2","image_text_titel_fake":false,"image_text_link":"","image_text_content":"<p>Die Stadt \u00c9vora wurde bereits von den R\u00f6mern gegr\u00fcndet und hatte ihre Bl\u00fcte w\u00e4hrend des 15. Jahrhunderts. Nach einem Besuch des r\u00f6mischen Tempels (Diana Tempel), des Aqu\u00e4dukts oder der Capela des Ossos (die Kapelle der Knochen) l\u00e4sst es sich gem\u00fctlich auf der Pla\u00e7a do Giraldo verweilen und bei einem Glas Wein den Tag ausklingen. www.visitportugal.com\/de\/node\/73787<\/p>\n","image_text_bild":2092,"image_text_video":"","image_text_position_bild":"left","image_text_layout":"layout-two"},{"acf_fc_layout":"einspalter_text","einspalter_text_titel":"Estremoz","einspalter_text_titel_typ":"2","einspalter_text_titel_fake":false,"einspalter_text_content":"<p>Estremoz wurde als Festung gegen die Spanier gebaut. Auch hier wird in unmittelbarer Umgebung Marmor abgebaut, deshalb sind auch die einfachsten Bauten in diesem edlen Material ausgef\u00fchrt. Estremoz ist die gr\u00f6sste der Marmorst\u00e4dte. In der Altstadt befindet sich ein Schloss aus dem Jahre 1258, das im 14. Jahrhundert k\u00f6nigliche Residenz war und heute als Hotel genutzt wird. www.visitportugal.com\/de<\/p>\n"},{"acf_fc_layout":"image_text","image_text_titel":"Vila Vi\u00e7osa","image_text_titel_typ":"2","image_text_titel_fake":false,"image_text_link":"","image_text_content":"<p>Vila Vi\u00e7osa (dessen Name eigentlich \u00abfruchtbares Tal\u00bb bedeutet) nennt man auch die Marmor-Museumstadt mit ihren grossen, weissen Marmorh\u00e4usern und ihrem imposanten Palast aus dem 16. Jahrhundert. Der Pa\u00e7o Ducal war die bevorzugte Unterkunft der Herz\u00f6ge von Bragan\u00e7a und strahlt heut immer noch den Reichtum von damals aus. www.fcbraganca.pt<\/p>\n","image_text_bild":2091,"image_text_video":"","image_text_position_bild":"right","image_text_layout":"layout-two"},{"acf_fc_layout":"header","header_titel":"Quinta do Zambujeiro, Alentejo \u2013 Ein Herzensprojekt gekr\u00f6nt von Erfolg","header_typ":"2","header_fake":false,"header_intertitle":false,"header_alignment":"center"},{"acf_fc_layout":"image_text","image_text_titel":"","image_text_titel_typ":"2","image_text_titel_fake":false,"image_text_link":"","image_text_content":"<p>Vor 21 Jahren, 1999, kelterten die Br\u00fcder Alain und Philippe Bramaz den ersten Wein f\u00fcr den Weingutsbesitzer Emil Strickler! In einem provisorisch hergerichteten Weinkeller wurden gerade mal 6000 kg Trauben verarbeitet \u2013 alles von Hand mit viel Pioniergeist, Geschick, Improvisationskunst und Herzblut. Heute geh\u00f6rt das Weingut zu den besten des Landes.<\/p>\n<p><a href=\"https:\/\/www.globalwine.ch\/winzer\/portugal\/alentejo\/quinta-do-zambujeiro\/\">Mehr erfahren<\/a><\/p>\n","image_text_bild":1033,"image_text_video":"","image_text_position_bild":"left","image_text_layout":"layout-two"}]},"yoast_head":"<!-- This site is optimized with the Yoast SEO plugin v27.5 - https:\/\/yoast.com\/product\/yoast-seo-wordpress\/ -->\n<title>Alentejo-Tipps - Globalwine<\/title>\n<meta name=\"description\" content=\"\u00c9vora, Estremoz und Vila Vi\u00e7osa \u2013 drei spannende Orte, die sich unweit der Weinroute und der Marmorroute im Alentejo befinden.\" \/>\n<meta name=\"robots\" content=\"index, follow, max-snippet:-1, max-image-preview:large, max-video-preview:-1\" \/>\n<link rel=\"canonical\" href=\"https:\/\/www.globalwine.ch\/cms\/story\/alentejo-tipps-von-geri-theiler\/\" \/>\n<meta property=\"og:locale\" content=\"de_DE\" \/>\n<meta property=\"og:type\" content=\"article\" \/>\n<meta property=\"og:title\" content=\"Alentejo-Tipps - Globalwine\" \/>\n<meta property=\"og:description\" content=\"\u00c9vora, Estremoz und Vila Vi\u00e7osa \u2013 drei spannende Orte, die sich unweit der Weinroute und der Marmorroute im Alentejo befinden.\" \/>\n<meta property=\"og:url\" content=\"https:\/\/www.globalwine.ch\/cms\/story\/alentejo-tipps-von-geri-theiler\/\" \/>\n<meta property=\"og:site_name\" content=\"Globalwine\" \/>\n<meta property=\"article:publisher\" content=\"https:\/\/www.facebook.com\/GlobalwineAG\" \/>\n<meta property=\"article:modified_time\" content=\"2025-05-26T07:33:54+00:00\" \/>\n<meta property=\"og:image\" content=\"https:\/\/www.globalwine.ch\/cms\/wp-content\/uploads\/2022\/11\/VilaVicosa.jpg\" \/>\n\t<meta property=\"og:image:width\" content=\"2000\" \/>\n\t<meta property=\"og:image:height\" content=\"1280\" \/>\n\t<meta property=\"og:image:type\" content=\"image\/jpeg\" \/>\n<meta name=\"twitter:card\" content=\"summary_large_image\" \/>\n<meta name=\"twitter:label1\" content=\"Gesch\u00e4tzte Lesezeit\" \/>\n\t<meta name=\"twitter:data1\" content=\"1\u00a0Minute\" \/>\n<script type=\"application\/ld+json\" class=\"yoast-schema-graph\">{\"@context\":\"https:\\\/\\\/schema.org\",\"@graph\":[{\"@type\":\"WebPage\",\"@id\":\"https:\\\/\\\/www.globalwine.ch\\\/cms\\\/story\\\/alentejo-tipps-von-geri-theiler\\\/\",\"url\":\"https:\\\/\\\/www.globalwine.ch\\\/cms\\\/story\\\/alentejo-tipps-von-geri-theiler\\\/\",\"name\":\"Alentejo-Tipps - Globalwine\",\"isPartOf\":{\"@id\":\"https:\\\/\\\/www.globalwine.ch\\\/cms\\\/#website\"},\"primaryImageOfPage\":{\"@id\":\"https:\\\/\\\/www.globalwine.ch\\\/cms\\\/story\\\/alentejo-tipps-von-geri-theiler\\\/#primaryimage\"},\"image\":{\"@id\":\"https:\\\/\\\/www.globalwine.ch\\\/cms\\\/story\\\/alentejo-tipps-von-geri-theiler\\\/#primaryimage\"},\"thumbnailUrl\":\"https:\\\/\\\/www.globalwine.ch\\\/cms\\\/wp-content\\\/uploads\\\/2022\\\/11\\\/VilaVicosa.jpg\",\"datePublished\":\"2022-11-11T09:18:25+00:00\",\"dateModified\":\"2025-05-26T07:33:54+00:00\",\"description\":\"\u00c9vora, Estremoz und Vila Vi\u00e7osa \u2013 drei spannende Orte, die sich unweit der Weinroute und der Marmorroute im Alentejo befinden.\",\"breadcrumb\":{\"@id\":\"https:\\\/\\\/www.globalwine.ch\\\/cms\\\/story\\\/alentejo-tipps-von-geri-theiler\\\/#breadcrumb\"},\"inLanguage\":\"de-CH\",\"potentialAction\":[{\"@type\":\"ReadAction\",\"target\":[\"https:\\\/\\\/www.globalwine.ch\\\/cms\\\/story\\\/alentejo-tipps-von-geri-theiler\\\/\"]}]},{\"@type\":\"ImageObject\",\"inLanguage\":\"de-CH\",\"@id\":\"https:\\\/\\\/www.globalwine.ch\\\/cms\\\/story\\\/alentejo-tipps-von-geri-theiler\\\/#primaryimage\",\"url\":\"https:\\\/\\\/www.globalwine.ch\\\/cms\\\/wp-content\\\/uploads\\\/2022\\\/11\\\/VilaVicosa.jpg\",\"contentUrl\":\"https:\\\/\\\/www.globalwine.ch\\\/cms\\\/wp-content\\\/uploads\\\/2022\\\/11\\\/VilaVicosa.jpg\",\"width\":2000,\"height\":1280,\"caption\":\"Vila Vi\u00e7osa\"},{\"@type\":\"BreadcrumbList\",\"@id\":\"https:\\\/\\\/www.globalwine.ch\\\/cms\\\/story\\\/alentejo-tipps-von-geri-theiler\\\/#breadcrumb\",\"itemListElement\":[{\"@type\":\"ListItem\",\"position\":1,\"name\":\"Breadcrumb\",\"item\":\"https:\\\/\\\/www.globalwine.ch\\\/cms\\\/\"},{\"@type\":\"ListItem\",\"position\":2,\"name\":\"Stories\",\"item\":\"https:\\\/\\\/www.globalwine.ch\\\/cms\\\/story\\\/\"},{\"@type\":\"ListItem\",\"position\":3,\"name\":\"Alentejo-Tipps\"}]},{\"@type\":\"WebSite\",\"@id\":\"https:\\\/\\\/www.globalwine.ch\\\/cms\\\/#website\",\"url\":\"https:\\\/\\\/www.globalwine.ch\\\/cms\\\/\",\"name\":\"Globalwine\",\"description\":\"\",\"publisher\":{\"@id\":\"https:\\\/\\\/www.globalwine.ch\\\/cms\\\/#organization\"},\"potentialAction\":[{\"@type\":\"SearchAction\",\"target\":{\"@type\":\"EntryPoint\",\"urlTemplate\":\"https:\\\/\\\/www.globalwine.ch\\\/cms\\\/?s={search_term_string}\"},\"query-input\":{\"@type\":\"PropertyValueSpecification\",\"valueRequired\":true,\"valueName\":\"search_term_string\"}}],\"inLanguage\":\"de-CH\"},{\"@type\":\"Organization\",\"@id\":\"https:\\\/\\\/www.globalwine.ch\\\/cms\\\/#organization\",\"name\":\"Globalwine AG\",\"url\":\"https:\\\/\\\/www.globalwine.ch\\\/cms\\\/\",\"logo\":{\"@type\":\"ImageObject\",\"inLanguage\":\"de-CH\",\"@id\":\"https:\\\/\\\/www.globalwine.ch\\\/cms\\\/#\\\/schema\\\/logo\\\/image\\\/\",\"url\":\"https:\\\/\\\/www.globalwine.ch\\\/cms\\\/wp-content\\\/uploads\\\/2021\\\/04\\\/globalwine-logo.png\",\"contentUrl\":\"https:\\\/\\\/www.globalwine.ch\\\/cms\\\/wp-content\\\/uploads\\\/2021\\\/04\\\/globalwine-logo.png\",\"width\":931,\"height\":144,\"caption\":\"Globalwine AG\"},\"image\":{\"@id\":\"https:\\\/\\\/www.globalwine.ch\\\/cms\\\/#\\\/schema\\\/logo\\\/image\\\/\"},\"sameAs\":[\"https:\\\/\\\/www.facebook.com\\\/GlobalwineAG\",\"https:\\\/\\\/www.instagram.com\\\/globalwine_ch\",\"https:\\\/\\\/www.linkedin.com\\\/company\\\/5823327\",\"https:\\\/\\\/www.youtube.com\\\/channel\\\/UCaXmwERn0IR5rrbwRvaFesg\"]}]}<\/script>\n<!-- \/ Yoast SEO plugin. -->","yoast_head_json":{"title":"Alentejo-Tipps - Globalwine","description":"\u00c9vora, Estremoz und Vila Vi\u00e7osa \u2013 drei spannende Orte, die sich unweit der Weinroute und der Marmorroute im Alentejo befinden.","robots":{"index":"index","follow":"follow","max-snippet":"max-snippet:-1","max-image-preview":"max-image-preview:large","max-video-preview":"max-video-preview:-1"},"canonical":"https:\/\/www.globalwine.ch\/cms\/story\/alentejo-tipps-von-geri-theiler\/","og_locale":"de_DE","og_type":"article","og_title":"Alentejo-Tipps - Globalwine","og_description":"\u00c9vora, Estremoz und Vila Vi\u00e7osa \u2013 drei spannende Orte, die sich unweit der Weinroute und der Marmorroute im Alentejo befinden.","og_url":"https:\/\/www.globalwine.ch\/cms\/story\/alentejo-tipps-von-geri-theiler\/","og_site_name":"Globalwine","article_publisher":"https:\/\/www.facebook.com\/GlobalwineAG","article_modified_time":"2025-05-26T07:33:54+00:00","og_image":[{"width":2000,"height":1280,"url":"https:\/\/www.globalwine.ch\/cms\/wp-content\/uploads\/2022\/11\/VilaVicosa.jpg","type":"image\/jpeg"}],"twitter_card":"summary_large_image","twitter_misc":{"Gesch\u00e4tzte Lesezeit":"1\u00a0Minute"},"schema":{"@context":"https:\/\/schema.org","@graph":[{"@type":"WebPage","@id":"https:\/\/www.globalwine.ch\/cms\/story\/alentejo-tipps-von-geri-theiler\/","url":"https:\/\/www.globalwine.ch\/cms\/story\/alentejo-tipps-von-geri-theiler\/","name":"Alentejo-Tipps - Globalwine","isPartOf":{"@id":"https:\/\/www.globalwine.ch\/cms\/#website"},"primaryImageOfPage":{"@id":"https:\/\/www.globalwine.ch\/cms\/story\/alentejo-tipps-von-geri-theiler\/#primaryimage"},"image":{"@id":"https:\/\/www.globalwine.ch\/cms\/story\/alentejo-tipps-von-geri-theiler\/#primaryimage"},"thumbnailUrl":"https:\/\/www.globalwine.ch\/cms\/wp-content\/uploads\/2022\/11\/VilaVicosa.jpg","datePublished":"2022-11-11T09:18:25+00:00","dateModified":"2025-05-26T07:33:54+00:00","description":"\u00c9vora, Estremoz und Vila Vi\u00e7osa \u2013 drei spannende Orte, die sich unweit der Weinroute und der Marmorroute im Alentejo befinden.","breadcrumb":{"@id":"https:\/\/www.globalwine.ch\/cms\/story\/alentejo-tipps-von-geri-theiler\/#breadcrumb"},"inLanguage":"de-CH","potentialAction":[{"@type":"ReadAction","target":["https:\/\/www.globalwine.ch\/cms\/story\/alentejo-tipps-von-geri-theiler\/"]}]},{"@type":"ImageObject","inLanguage":"de-CH","@id":"https:\/\/www.globalwine.ch\/cms\/story\/alentejo-tipps-von-geri-theiler\/#primaryimage","url":"https:\/\/www.globalwine.ch\/cms\/wp-content\/uploads\/2022\/11\/VilaVicosa.jpg","contentUrl":"https:\/\/www.globalwine.ch\/cms\/wp-content\/uploads\/2022\/11\/VilaVicosa.jpg","width":2000,"height":1280,"caption":"Vila Vi\u00e7osa"},{"@type":"BreadcrumbList","@id":"https:\/\/www.globalwine.ch\/cms\/story\/alentejo-tipps-von-geri-theiler\/#breadcrumb","itemListElement":[{"@type":"ListItem","position":1,"name":"Breadcrumb","item":"https:\/\/www.globalwine.ch\/cms\/"},{"@type":"ListItem","position":2,"name":"Stories","item":"https:\/\/www.globalwine.ch\/cms\/story\/"},{"@type":"ListItem","position":3,"name":"Alentejo-Tipps"}]},{"@type":"WebSite","@id":"https:\/\/www.globalwine.ch\/cms\/#website","url":"https:\/\/www.globalwine.ch\/cms\/","name":"Globalwine","description":"","publisher":{"@id":"https:\/\/www.globalwine.ch\/cms\/#organization"},"potentialAction":[{"@type":"SearchAction","target":{"@type":"EntryPoint","urlTemplate":"https:\/\/www.globalwine.ch\/cms\/?s={search_term_string}"},"query-input":{"@type":"PropertyValueSpecification","valueRequired":true,"valueName":"search_term_string"}}],"inLanguage":"de-CH"},{"@type":"Organization","@id":"https:\/\/www.globalwine.ch\/cms\/#organization","name":"Globalwine AG","url":"https:\/\/www.globalwine.ch\/cms\/","logo":{"@type":"ImageObject","inLanguage":"de-CH","@id":"https:\/\/www.globalwine.ch\/cms\/#\/schema\/logo\/image\/","url":"https:\/\/www.globalwine.ch\/cms\/wp-content\/uploads\/2021\/04\/globalwine-logo.png","contentUrl":"https:\/\/www.globalwine.ch\/cms\/wp-content\/uploads\/2021\/04\/globalwine-logo.png","width":931,"height":144,"caption":"Globalwine AG"},"image":{"@id":"https:\/\/www.globalwine.ch\/cms\/#\/schema\/logo\/image\/"},"sameAs":["https:\/\/www.facebook.com\/GlobalwineAG","https:\/\/www.instagram.com\/globalwine_ch","https:\/\/www.linkedin.com\/company\/5823327","https:\/\/www.youtube.com\/channel\/UCaXmwERn0IR5rrbwRvaFesg"]}]}},"_links":{"self":[{"href":"https:\/\/www.globalwine.ch\/cms\/wp-json\/wp\/v2\/story\/2093","targetHints":{"allow":["GET"]}}],"collection":[{"href":"https:\/\/www.globalwine.ch\/cms\/wp-json\/wp\/v2\/story"}],"about":[{"href":"https:\/\/www.globalwine.ch\/cms\/wp-json\/wp\/v2\/types\/story"}],"wp:featuredmedia":[{"embeddable":true,"href":"https:\/\/www.globalwine.ch\/cms\/wp-json\/wp\/v2\/media\/2091"}],"wp:attachment":[{"href":"https:\/\/www.globalwine.ch\/cms\/wp-json\/wp\/v2\/media?parent=2093"}],"curies":[{"name":"wp","href":"https:\/\/api.w.org\/{rel}","templated":true}]}}