{"id":2293,"date":"2023-05-30T08:31:31","date_gmt":"2023-05-30T06:31:31","guid":{"rendered":"https:\/\/www.globalwine.ch\/cms\/?post_type=story&#038;p=2293"},"modified":"2023-05-31T09:46:48","modified_gmt":"2023-05-31T07:46:48","slug":"david-geisser-empfiehlt-blange-arneis-langhe-2022-ceretto-piemont","status":"publish","type":"story","link":"https:\/\/www.globalwine.ch\/cms\/story\/david-geisser-empfiehlt-blange-arneis-langhe-2022-ceretto-piemont\/","title":{"rendered":"David Geisser empfiehlt Blang\u00e9 Arneis 2022 von Ceretto, Piemont"},"content":{"rendered":"","protected":false},"excerpt":{"rendered":"<p>David Geisser empfiehlt zu sizilianischen Caponata eine Weisswein-Spezialit\u00e4t aus dem Piemont und zwar unseren Blang\u00e9 Arneis Langhe 2022 von Ceretto \u2013 ein perfekter Sommerwein. <\/p>\n","protected":false},"featured_media":2355,"template":"","class_list":["post-2293","story","type-story","status-publish","has-post-thumbnail","hentry"],"acf":{"hide_pagetitle":false,"header_block":{"header_block_title":"","header_block_title_size":"default","header_block_subtitle":"","header_block_button":"","header_block_background_image":false},"inhaltselemente":[{"acf_fc_layout":"einspalter_text","einspalter_text_titel":"","einspalter_text_titel_typ":"2","einspalter_text_titel_fake":false,"einspalter_text_content":"<p>David Geisser empfiehlt zu sizilianischen Caponata eine Weisswein-Spezialit\u00e4t aus dem Piemont und zwar unseren Blang\u00e9 Arneis Langhe 2022 von Ceretto \u2013 ein perfekter Sommerwein. <\/p>\n"},{"acf_fc_layout":"header","header_titel":"Sizilianische Caponata von David Geisser","header_typ":"2","header_fake":false,"header_intertitle":false,"header_alignment":"center"},{"acf_fc_layout":"image","image":false,"image_video":"<p><iframe loading=\"lazy\" title=\"David Geisser empfiehlt zu Blang\u00e9 Arneis von Ceretto\" width=\"1400\" height=\"788\" src=\"https:\/\/www.youtube-nocookie.com\/embed\/F6fiwSYH7WQ?feature=oembed&#038;rel=0\" frameborder=\"0\" allow=\"accelerometer; autoplay; clipboard-write; encrypted-media; gyroscope; picture-in-picture; web-share\" allowfullscreen><\/iframe><\/p>\n"},{"acf_fc_layout":"einspalter_text","einspalter_text_titel":"Das Rezept","einspalter_text_titel_typ":"2","einspalter_text_titel_fake":false,"einspalter_text_content":"<p>Arbeitszeit: 25 Min.<br \/>\nNiveau: leicht<\/p>\n<p><strong>Zutaten:<\/strong><br \/>\n4 Riesencrevetten<br \/>\n40 g Honig<br \/>\n50 ml Balsamico bianco<br \/>\n75 ml Weisswein<br \/>\n100 g Auberginen<br \/>\n100 g Stangensellerie<br \/>\n70 g Peperoni rot<br \/>\n70 g Peperoni gelb<br \/>\n100 g Tomaten<br \/>\n100 g Schalotten<br \/>\nOliven\u00f6l zum Anbraten<br \/>\n1 TL Zucker<br \/>\n10 ml Balsamico bianco<br \/>\n50 g Pinienkerne<br \/>\n50 g Kapern<br \/>\nMeersalz<br \/>\nPfeffer aus der M\u00fchle<\/p>\n<p><strong>Zubereitung<\/strong><br \/>\nDen Honig, den Weisswein und den Balsamico leicht einreduzieren und abk\u00fchlen lassen. Das Gem\u00fcse gr\u00fcndlich waschen. Die Pinienkerne in einer Pfanne fettlos anr\u00f6sten. <\/p>\n<p>F\u00fcr die Tomaten, Wasser zum Kochen bringen. Die Tomaten oben \u00fcber Kreuz einritzen, f\u00fcr 10 Sekunden in kochendes Wasser halten und sofort im Eiswasser abschrecken. Anschliessend die Tomaten sch\u00e4len, vierteln und vom Kerngeh\u00e4use befreien. Das Tomatenfleisch w\u00fcrfeln. Danach alles Gem\u00fcse (bis und mit Schalotten) in kleine W\u00fcrfel, ca. 5 mm, schneiden. <\/p>\n"},{"acf_fc_layout":"image_text","image_text_titel":"","image_text_titel_typ":"2","image_text_titel_fake":false,"image_text_link":"","image_text_content":"<p>Die Schalotten in heissem Oliven\u00f6l anschwitzen. Die Tomatenw\u00fcrfel hinzuf\u00fcgen, mit Zucker bestreuen und mit Balsamico abl\u00f6schen. Anschliessend zur Seite stellen. In einer 2. Pfanne das restliche Gem\u00fcse anbraten, die Schalotten-Tomaten-Mischung und die Reduktion hinzuf\u00fcgen und die Kapern und die Pinienkernen dazugeben. Mit Salz und Pfeffer abschmecken. Zum Schluss die Riesencrevetten salzen und in einer Bratpfanne mit \u00d6l rundum anbraten. Die Caponata auf Tellern anrichten und die Riesencrevetten darauf verteilen.<\/p>\n","image_text_bild":2341,"image_text_video":"","image_text_position_bild":"right","image_text_layout":"layout-two"},{"acf_fc_layout":"image_text","image_text_titel":"Blang\u00e9 Arneis 2022 von Ceretto, Piemont","image_text_titel_typ":"2","image_text_titel_fake":false,"image_text_link":"","image_text_content":"<p>In der Nase duftet der Arneis nach Bl\u00fcten und nach den typisch herb-w\u00fcrzigen, an Weihrauch und Tannenharz erinnernden Noten. Am Gaumen ist unbeschwert, mild und frisch \u2013 alles in allem ein perfekter Sommerwein.<\/p>\n<p><a href=\"https:\/\/www.globalwine.ch\/blange-arneis-langhe-2022-ceretto-75cl\">Mehr erfahren \u00fcber den Blang\u00e9 Arneis 2022 von Ceretto<\/a><\/p>\n","image_text_bild":2343,"image_text_video":"","image_text_position_bild":"left","image_text_layout":"layout-two"},{"acf_fc_layout":"image_text","image_text_titel":"Ceretto \u2013 Die  Geschichte der Liebe  zu einer Region","image_text_titel_typ":"2","image_text_titel_fake":false,"image_text_link":"","image_text_content":"<p>Ende der 80er Jahre entdeckte die Familie Ceretto ein altes Geh\u00f6ft am Rande von Alba und baute es nach und nach zu ihrem Hauptsitz um. Dieses Anwesen, das als Monsordo Bernardina bekannt ist und historisch mit der Liebesgeschichte zwischen Vittorio Emanuele II. und der sch\u00f6nen Rosina verbunden ist, wurde innerhalb weniger Jahre zum Zentrum des Unternehmens. Um den Hof herum befinden sich mehr als 30 Hektar Weinberge mit traditionellen und internationalen Rebsorten, die nach strengen Prinzipien der \u00f6kologischen Nachhaltigkeit angebaut werden.<\/p>\n<p><a href=\"https:\/\/www.globalwine.ch\/winzer\/italien\/piemont\/ceretto\/\">Mehr erfahren \u00fcber Ceretto<\/a><\/p>\n","image_text_bild":2342,"image_text_video":"","image_text_position_bild":"right","image_text_layout":"layout-two"}]},"yoast_head":"<!-- This site is optimized with the Yoast SEO plugin v27.5 - https:\/\/yoast.com\/product\/yoast-seo-wordpress\/ -->\n<title>David Geisser empfiehlt Blang\u00e9 Arneis 2022 von Ceretto, Piemont - Globalwine<\/title>\n<meta name=\"description\" content=\"David Geisser empfehlt zu Tajarin mit Steinpilzen den charaktervollen, noblen Lagen-Barolo Brunate 2017 von Ceretto.\" \/>\n<meta name=\"robots\" content=\"index, follow, max-snippet:-1, max-image-preview:large, max-video-preview:-1\" \/>\n<link rel=\"canonical\" href=\"https:\/\/www.globalwine.ch\/cms\/story\/david-geisser-empfiehlt-blange-arneis-langhe-2022-ceretto-piemont\/\" \/>\n<meta property=\"og:locale\" content=\"de_DE\" \/>\n<meta property=\"og:type\" content=\"article\" \/>\n<meta property=\"og:title\" content=\"David Geisser empfiehlt Blang\u00e9 Arneis 2022 von Ceretto, Piemont - Globalwine\" \/>\n<meta property=\"og:description\" content=\"David Geisser empfehlt zu Tajarin mit Steinpilzen den charaktervollen, noblen Lagen-Barolo Brunate 2017 von Ceretto.\" \/>\n<meta property=\"og:url\" content=\"https:\/\/www.globalwine.ch\/cms\/story\/david-geisser-empfiehlt-blange-arneis-langhe-2022-ceretto-piemont\/\" \/>\n<meta property=\"og:site_name\" content=\"Globalwine\" \/>\n<meta property=\"article:publisher\" content=\"https:\/\/www.facebook.com\/GlobalwineAG\" \/>\n<meta property=\"article:modified_time\" content=\"2023-05-31T07:46:48+00:00\" \/>\n<meta property=\"og:image\" content=\"https:\/\/www.globalwine.ch\/cms\/wp-content\/uploads\/2023\/05\/Geisser-Portraet-\u00a9ronson-2000x1280-1.jpg\" \/>\n\t<meta property=\"og:image:width\" content=\"2000\" \/>\n\t<meta property=\"og:image:height\" content=\"1280\" \/>\n\t<meta property=\"og:image:type\" content=\"image\/jpeg\" \/>\n<meta name=\"twitter:card\" content=\"summary_large_image\" \/>\n<script type=\"application\/ld+json\" class=\"yoast-schema-graph\">{\"@context\":\"https:\\\/\\\/schema.org\",\"@graph\":[{\"@type\":\"WebPage\",\"@id\":\"https:\\\/\\\/www.globalwine.ch\\\/cms\\\/story\\\/david-geisser-empfiehlt-blange-arneis-langhe-2022-ceretto-piemont\\\/\",\"url\":\"https:\\\/\\\/www.globalwine.ch\\\/cms\\\/story\\\/david-geisser-empfiehlt-blange-arneis-langhe-2022-ceretto-piemont\\\/\",\"name\":\"David Geisser empfiehlt Blang\u00e9 Arneis 2022 von Ceretto, Piemont - Globalwine\",\"isPartOf\":{\"@id\":\"https:\\\/\\\/www.globalwine.ch\\\/cms\\\/#website\"},\"primaryImageOfPage\":{\"@id\":\"https:\\\/\\\/www.globalwine.ch\\\/cms\\\/story\\\/david-geisser-empfiehlt-blange-arneis-langhe-2022-ceretto-piemont\\\/#primaryimage\"},\"image\":{\"@id\":\"https:\\\/\\\/www.globalwine.ch\\\/cms\\\/story\\\/david-geisser-empfiehlt-blange-arneis-langhe-2022-ceretto-piemont\\\/#primaryimage\"},\"thumbnailUrl\":\"https:\\\/\\\/www.globalwine.ch\\\/cms\\\/wp-content\\\/uploads\\\/2023\\\/05\\\/Geisser-Portraet-\u00a9ronson-2000x1280-1.jpg\",\"datePublished\":\"2023-05-30T06:31:31+00:00\",\"dateModified\":\"2023-05-31T07:46:48+00:00\",\"description\":\"David Geisser empfehlt zu Tajarin mit Steinpilzen den charaktervollen, noblen Lagen-Barolo Brunate 2017 von Ceretto.\",\"breadcrumb\":{\"@id\":\"https:\\\/\\\/www.globalwine.ch\\\/cms\\\/story\\\/david-geisser-empfiehlt-blange-arneis-langhe-2022-ceretto-piemont\\\/#breadcrumb\"},\"inLanguage\":\"de-CH\",\"potentialAction\":[{\"@type\":\"ReadAction\",\"target\":[\"https:\\\/\\\/www.globalwine.ch\\\/cms\\\/story\\\/david-geisser-empfiehlt-blange-arneis-langhe-2022-ceretto-piemont\\\/\"]}]},{\"@type\":\"ImageObject\",\"inLanguage\":\"de-CH\",\"@id\":\"https:\\\/\\\/www.globalwine.ch\\\/cms\\\/story\\\/david-geisser-empfiehlt-blange-arneis-langhe-2022-ceretto-piemont\\\/#primaryimage\",\"url\":\"https:\\\/\\\/www.globalwine.ch\\\/cms\\\/wp-content\\\/uploads\\\/2023\\\/05\\\/Geisser-Portraet-\u00a9ronson-2000x1280-1.jpg\",\"contentUrl\":\"https:\\\/\\\/www.globalwine.ch\\\/cms\\\/wp-content\\\/uploads\\\/2023\\\/05\\\/Geisser-Portraet-\u00a9ronson-2000x1280-1.jpg\",\"width\":2000,\"height\":1280,\"caption\":\"David Geisser, Koch aus Leidenschaft\"},{\"@type\":\"BreadcrumbList\",\"@id\":\"https:\\\/\\\/www.globalwine.ch\\\/cms\\\/story\\\/david-geisser-empfiehlt-blange-arneis-langhe-2022-ceretto-piemont\\\/#breadcrumb\",\"itemListElement\":[{\"@type\":\"ListItem\",\"position\":1,\"name\":\"Breadcrumb\",\"item\":\"https:\\\/\\\/www.globalwine.ch\\\/cms\\\/\"},{\"@type\":\"ListItem\",\"position\":2,\"name\":\"Stories\",\"item\":\"https:\\\/\\\/www.globalwine.ch\\\/cms\\\/story\\\/\"},{\"@type\":\"ListItem\",\"position\":3,\"name\":\"David Geisser empfiehlt Blang\u00e9 Arneis 2022 von Ceretto, Piemont\"}]},{\"@type\":\"WebSite\",\"@id\":\"https:\\\/\\\/www.globalwine.ch\\\/cms\\\/#website\",\"url\":\"https:\\\/\\\/www.globalwine.ch\\\/cms\\\/\",\"name\":\"Globalwine\",\"description\":\"\",\"publisher\":{\"@id\":\"https:\\\/\\\/www.globalwine.ch\\\/cms\\\/#organization\"},\"potentialAction\":[{\"@type\":\"SearchAction\",\"target\":{\"@type\":\"EntryPoint\",\"urlTemplate\":\"https:\\\/\\\/www.globalwine.ch\\\/cms\\\/?s={search_term_string}\"},\"query-input\":{\"@type\":\"PropertyValueSpecification\",\"valueRequired\":true,\"valueName\":\"search_term_string\"}}],\"inLanguage\":\"de-CH\"},{\"@type\":\"Organization\",\"@id\":\"https:\\\/\\\/www.globalwine.ch\\\/cms\\\/#organization\",\"name\":\"Globalwine AG\",\"url\":\"https:\\\/\\\/www.globalwine.ch\\\/cms\\\/\",\"logo\":{\"@type\":\"ImageObject\",\"inLanguage\":\"de-CH\",\"@id\":\"https:\\\/\\\/www.globalwine.ch\\\/cms\\\/#\\\/schema\\\/logo\\\/image\\\/\",\"url\":\"https:\\\/\\\/www.globalwine.ch\\\/cms\\\/wp-content\\\/uploads\\\/2021\\\/04\\\/globalwine-logo.png\",\"contentUrl\":\"https:\\\/\\\/www.globalwine.ch\\\/cms\\\/wp-content\\\/uploads\\\/2021\\\/04\\\/globalwine-logo.png\",\"width\":931,\"height\":144,\"caption\":\"Globalwine AG\"},\"image\":{\"@id\":\"https:\\\/\\\/www.globalwine.ch\\\/cms\\\/#\\\/schema\\\/logo\\\/image\\\/\"},\"sameAs\":[\"https:\\\/\\\/www.facebook.com\\\/GlobalwineAG\",\"https:\\\/\\\/www.instagram.com\\\/globalwine_ch\",\"https:\\\/\\\/www.linkedin.com\\\/company\\\/5823327\",\"https:\\\/\\\/www.youtube.com\\\/channel\\\/UCaXmwERn0IR5rrbwRvaFesg\"]}]}<\/script>\n<!-- \/ Yoast SEO plugin. -->","yoast_head_json":{"title":"David Geisser empfiehlt Blang\u00e9 Arneis 2022 von Ceretto, Piemont - Globalwine","description":"David Geisser empfehlt zu Tajarin mit Steinpilzen den charaktervollen, noblen Lagen-Barolo Brunate 2017 von Ceretto.","robots":{"index":"index","follow":"follow","max-snippet":"max-snippet:-1","max-image-preview":"max-image-preview:large","max-video-preview":"max-video-preview:-1"},"canonical":"https:\/\/www.globalwine.ch\/cms\/story\/david-geisser-empfiehlt-blange-arneis-langhe-2022-ceretto-piemont\/","og_locale":"de_DE","og_type":"article","og_title":"David Geisser empfiehlt Blang\u00e9 Arneis 2022 von Ceretto, Piemont - Globalwine","og_description":"David Geisser empfehlt zu Tajarin mit Steinpilzen den charaktervollen, noblen Lagen-Barolo Brunate 2017 von Ceretto.","og_url":"https:\/\/www.globalwine.ch\/cms\/story\/david-geisser-empfiehlt-blange-arneis-langhe-2022-ceretto-piemont\/","og_site_name":"Globalwine","article_publisher":"https:\/\/www.facebook.com\/GlobalwineAG","article_modified_time":"2023-05-31T07:46:48+00:00","og_image":[{"width":2000,"height":1280,"url":"https:\/\/www.globalwine.ch\/cms\/wp-content\/uploads\/2023\/05\/Geisser-Portraet-\u00a9ronson-2000x1280-1.jpg","type":"image\/jpeg"}],"twitter_card":"summary_large_image","schema":{"@context":"https:\/\/schema.org","@graph":[{"@type":"WebPage","@id":"https:\/\/www.globalwine.ch\/cms\/story\/david-geisser-empfiehlt-blange-arneis-langhe-2022-ceretto-piemont\/","url":"https:\/\/www.globalwine.ch\/cms\/story\/david-geisser-empfiehlt-blange-arneis-langhe-2022-ceretto-piemont\/","name":"David Geisser empfiehlt Blang\u00e9 Arneis 2022 von Ceretto, Piemont - Globalwine","isPartOf":{"@id":"https:\/\/www.globalwine.ch\/cms\/#website"},"primaryImageOfPage":{"@id":"https:\/\/www.globalwine.ch\/cms\/story\/david-geisser-empfiehlt-blange-arneis-langhe-2022-ceretto-piemont\/#primaryimage"},"image":{"@id":"https:\/\/www.globalwine.ch\/cms\/story\/david-geisser-empfiehlt-blange-arneis-langhe-2022-ceretto-piemont\/#primaryimage"},"thumbnailUrl":"https:\/\/www.globalwine.ch\/cms\/wp-content\/uploads\/2023\/05\/Geisser-Portraet-\u00a9ronson-2000x1280-1.jpg","datePublished":"2023-05-30T06:31:31+00:00","dateModified":"2023-05-31T07:46:48+00:00","description":"David Geisser empfehlt zu Tajarin mit Steinpilzen den charaktervollen, noblen Lagen-Barolo Brunate 2017 von Ceretto.","breadcrumb":{"@id":"https:\/\/www.globalwine.ch\/cms\/story\/david-geisser-empfiehlt-blange-arneis-langhe-2022-ceretto-piemont\/#breadcrumb"},"inLanguage":"de-CH","potentialAction":[{"@type":"ReadAction","target":["https:\/\/www.globalwine.ch\/cms\/story\/david-geisser-empfiehlt-blange-arneis-langhe-2022-ceretto-piemont\/"]}]},{"@type":"ImageObject","inLanguage":"de-CH","@id":"https:\/\/www.globalwine.ch\/cms\/story\/david-geisser-empfiehlt-blange-arneis-langhe-2022-ceretto-piemont\/#primaryimage","url":"https:\/\/www.globalwine.ch\/cms\/wp-content\/uploads\/2023\/05\/Geisser-Portraet-\u00a9ronson-2000x1280-1.jpg","contentUrl":"https:\/\/www.globalwine.ch\/cms\/wp-content\/uploads\/2023\/05\/Geisser-Portraet-\u00a9ronson-2000x1280-1.jpg","width":2000,"height":1280,"caption":"David Geisser, Koch aus Leidenschaft"},{"@type":"BreadcrumbList","@id":"https:\/\/www.globalwine.ch\/cms\/story\/david-geisser-empfiehlt-blange-arneis-langhe-2022-ceretto-piemont\/#breadcrumb","itemListElement":[{"@type":"ListItem","position":1,"name":"Breadcrumb","item":"https:\/\/www.globalwine.ch\/cms\/"},{"@type":"ListItem","position":2,"name":"Stories","item":"https:\/\/www.globalwine.ch\/cms\/story\/"},{"@type":"ListItem","position":3,"name":"David Geisser empfiehlt Blang\u00e9 Arneis 2022 von Ceretto, Piemont"}]},{"@type":"WebSite","@id":"https:\/\/www.globalwine.ch\/cms\/#website","url":"https:\/\/www.globalwine.ch\/cms\/","name":"Globalwine","description":"","publisher":{"@id":"https:\/\/www.globalwine.ch\/cms\/#organization"},"potentialAction":[{"@type":"SearchAction","target":{"@type":"EntryPoint","urlTemplate":"https:\/\/www.globalwine.ch\/cms\/?s={search_term_string}"},"query-input":{"@type":"PropertyValueSpecification","valueRequired":true,"valueName":"search_term_string"}}],"inLanguage":"de-CH"},{"@type":"Organization","@id":"https:\/\/www.globalwine.ch\/cms\/#organization","name":"Globalwine AG","url":"https:\/\/www.globalwine.ch\/cms\/","logo":{"@type":"ImageObject","inLanguage":"de-CH","@id":"https:\/\/www.globalwine.ch\/cms\/#\/schema\/logo\/image\/","url":"https:\/\/www.globalwine.ch\/cms\/wp-content\/uploads\/2021\/04\/globalwine-logo.png","contentUrl":"https:\/\/www.globalwine.ch\/cms\/wp-content\/uploads\/2021\/04\/globalwine-logo.png","width":931,"height":144,"caption":"Globalwine AG"},"image":{"@id":"https:\/\/www.globalwine.ch\/cms\/#\/schema\/logo\/image\/"},"sameAs":["https:\/\/www.facebook.com\/GlobalwineAG","https:\/\/www.instagram.com\/globalwine_ch","https:\/\/www.linkedin.com\/company\/5823327","https:\/\/www.youtube.com\/channel\/UCaXmwERn0IR5rrbwRvaFesg"]}]}},"_links":{"self":[{"href":"https:\/\/www.globalwine.ch\/cms\/wp-json\/wp\/v2\/story\/2293","targetHints":{"allow":["GET"]}}],"collection":[{"href":"https:\/\/www.globalwine.ch\/cms\/wp-json\/wp\/v2\/story"}],"about":[{"href":"https:\/\/www.globalwine.ch\/cms\/wp-json\/wp\/v2\/types\/story"}],"wp:featuredmedia":[{"embeddable":true,"href":"https:\/\/www.globalwine.ch\/cms\/wp-json\/wp\/v2\/media\/2355"}],"wp:attachment":[{"href":"https:\/\/www.globalwine.ch\/cms\/wp-json\/wp\/v2\/media?parent=2293"}],"curies":[{"name":"wp","href":"https:\/\/api.w.org\/{rel}","templated":true}]}}