{"id":2800,"date":"2024-02-13T10:36:07","date_gmt":"2024-02-13T09:36:07","guid":{"rendered":"https:\/\/www.globalwine.ch\/cms\/?post_type=story&#038;p=2800"},"modified":"2024-02-13T11:53:46","modified_gmt":"2024-02-13T10:53:46","slug":"dieter-meier-family-vom-entstehen-einer-familientradition","status":"publish","type":"story","link":"https:\/\/www.globalwine.ch\/cms\/story\/dieter-meier-family-vom-entstehen-einer-familientradition\/","title":{"rendered":"Dieter Meier &amp; Family \u2013 Vom Entstehen einer Familientradition"},"content":{"rendered":"\n<p>Hohe Qualit\u00e4tsanspr\u00fcche und Respekt vor der Natur sind zentrale Werte, von denen Eleonore Meier genauso wenig abweicht wie ihr Vater Dieter Meier \u2013 gute Aussichten also f\u00fcr alle Ojo de Agua, Puro, Ojo Negro und Ojo de Ibiza Weine und ihre Fans.<\/p>\n","protected":false},"excerpt":{"rendered":"<p>Hohe Qualit\u00e4tsanspr\u00fcche und Respekt vor der Natur sind zentrale Werte, von denen Eleonore Meier genauso wenig abweicht wie ihr Vater Dieter Meier \u2013 gute Aussichten also f\u00fcr alle Ojo de Agua, Puro, Ojo Negro und Ojo de Ibiza Weine und ihre Fans.<\/p>\n","protected":false},"featured_media":2801,"template":"","class_list":["post-2800","story","type-story","status-publish","has-post-thumbnail","hentry"],"acf":{"hide_pagetitle":false,"header_block":{"header_block_title":"","header_block_title_size":"default","header_block_subtitle":"","header_block_button":"","header_block_background_image":false},"inhaltselemente":[{"acf_fc_layout":"image","image":2801,"image_video":""},{"acf_fc_layout":"einspalter_text","einspalter_text_titel":"","einspalter_text_titel_typ":"2","einspalter_text_titel_fake":false,"einspalter_text_content":"<p>Seit 2023 ist Eleonore Meier, die \u00e4lteste Tochter von Dieter und Monique Meier, auch mitverantwortlich f\u00fcr die Geschicke des international operierenden Agrarunternehmens ihrer Familie. Auf rund 70.000 Hektar Land von Patagonien bis Salta z\u00fcchtet die Familie Rinder und baut Wein, N\u00fcsse, Soja, Mais und Sonnenblumen an. Dar\u00fcber hinaus erzeugt sie hier Honig, Traubenkern\u00f6l und Saatgut. Innovativ, fair und im Einklang mit der Natur.<\/p>\n"},{"acf_fc_layout":"image_text","image_text_titel":"","image_text_titel_typ":"2","image_text_titel_fake":false,"image_text_link":"","image_text_content":"<p>Das kreative Schaffen d\u00fcrfte also schon bald zu einer \u00abMeierschen\u00bb Familientradition werden, von der man sich auch in Zukunft immer wieder neue Impulse erhoffen darf. Doch trotz frischem Wind wird Bew\u00e4hrtes fortgef\u00fchrt werden. Dies gilt insbesondere auch beim Weinbau auf der Estancia Ojo de Agua. \u00abVon Beginn an haben wir hier grossen Wert auf biologische Landwirtschaft gelegt. Pr\u00e4misse war es, dass die Trauben m\u00f6glichst schonend, nat\u00fcrlich und nachhaltig verarbeitet werden k\u00f6nnen\u00bb, sagt Eleonore Meier.<\/p>\n","image_text_bild":2803,"image_text_video":"","image_text_position_bild":"right","image_text_layout":"layout-two"},{"acf_fc_layout":"einspalter_text","einspalter_text_titel":"","einspalter_text_titel_typ":"2","einspalter_text_titel_fake":false,"einspalter_text_content":"<p>Gerade diesem kompromisslosen Respekt vor der Umwelt f\u00fchlt sich auch Eleonore verpflichtet, nicht zuletzt, weil er genauso wie der hohe Qualit\u00e4tsanspruch zur Familientradition geh\u00f6rt. Im S\u00fcden Argentiniens ist die Familie daran, ein St\u00fcck Land zu einem grossen Naturreservat auszugestalten. \u00abNachhaltigkeit ist uns wahnsinnig wichtig \u2013 wir wollen der Natur etwas zur\u00fcckgeben\u00bb, sagt Eleonore Meier.<\/p>\n"},{"acf_fc_layout":"einspalter_text","einspalter_text_titel":"Die Weing\u00fcter von Dieter Meier & Family","einspalter_text_titel_typ":"2","einspalter_text_titel_fake":false,"einspalter_text_content":""},{"acf_fc_layout":"image_text","image_text_titel":"Ojo de Agua \u2013 Spitzenweine aus Mendoza","image_text_titel_typ":"2","image_text_titel_fake":false,"image_text_link":"","image_text_content":"<p>Die Ojo-de-Agua-Weine \u00fcberzeugen mit Lebendigkeit, Intensit\u00e4t und kr\u00e4ftigen Fruchtnoten. Bei der Vinifizierung wird grosser Wert auf die Erkennbarkeit der einzelnen Sorten gelegt, die dank der Einzellagen-Vinifizierung und den idealen Bedingungen in Mendoza sehr sch\u00f6n herausgearbeitet sind. Ojo de Agua ist die erste Weinlinie und der Namensgeber.<\/p>\n<p><strong><a href=\"https:\/\/www.globalwine.ch\/winzer\/argentinien\/mendoza\/ojo-de-agua-von-dieter-meier\/\">Mehr erfahren<\/a><\/strong><\/p>\n","image_text_bild":2804,"image_text_video":"","image_text_position_bild":"left","image_text_layout":"layout-two"},{"acf_fc_layout":"image_text","image_text_titel":"Puro \u2013 Dieter Meiers ber\u00fchmte Puro Weine","image_text_titel_typ":"2","image_text_titel_fake":false,"image_text_link":"","image_text_content":"<p>Der Name spricht f\u00fcr sich. Mutig, nat\u00fcrlich und nachhaltig: Wein in seiner reinsten Form. Puro wird aus biozertifizierten Trauben gekeltert, die von einem Weinberg in Agrelo, Mendozas f\u00fchrender Weinregion, stammen und \u00fcberzeugen durch ihr ausgezeichnetes Preis-Genuss-Verh\u00e4ltnis. Pure Frucht, Struktur, Konzentration und Mineralit\u00e4t.<\/p>\n<p><strong><a href=\"https:\/\/www.globalwine.ch\/winzer\/argentinien\/mendoza\/puro-von-dieter-meier\/\">Mehr erfahren<\/a><\/strong><\/p>\n","image_text_bild":2805,"image_text_video":"","image_text_position_bild":"right","image_text_layout":"layout-two"},{"acf_fc_layout":"image_text","image_text_titel":"Ojo Negro \u2013 Nat\u00fcrlichkeit erleben","image_text_titel_typ":"2","image_text_titel_fake":false,"image_text_link":"","image_text_content":"<p>Dieter Meiers j\u00fcngstes Weinprojekt Ojo Negro liegt in Patagonien, im S\u00fcden Argentiniens in der Provinz Rio Negro. Auf einem Hochland-Plateau wurden auf Schwemmlandb\u00f6den des Flusses Rio Negro auf 40 Hektaren Chardonnay-, Malbec- und Pinot-Noir-Rebst\u00f6cke gepflanzt. Die Weine \u00fcberzeugen durch ihre schlanke Struktur, wobei sich Frucht und Mineralit\u00e4t optimal die Balance halten. Die frischen und nat\u00fcrlichen Weine sind das Spiegelbild des Terroirs und der rauen Natur.<\/p>\n<p><strong><a href=\"https:\/\/www.globalwine.ch\/winzer\/argentinien\/patagonien\/ojo-negro-von-dieter-meier\/\">Mehr erfahren<\/a><\/strong><\/p>\n","image_text_bild":2806,"image_text_video":"","image_text_position_bild":"left","image_text_layout":"layout-two"},{"acf_fc_layout":"image_text","image_text_titel":"Dieter Meier & Family Ibiza","image_text_titel_typ":"2","image_text_titel_fake":false,"image_text_link":"","image_text_content":"<p>Ibiza hatte schon immer etwas Magisches, ja sogar Mystisches. Der Weinberg liegt mitten im Nirgendwo &#8211; keine Strassen nur die Felsen, das Land, das Meer und die Sonne. Die Rebsorten sind optimal an das Inselklima und die Bodenverh\u00e4ltnisse angepasst. Der Wein wird vollst\u00e4ndig von Hand in kleinen Mengen hergestellt. Er ist \u00fcberraschend anders. Ein spiritueller Ausdruck der Insel und eine Verf\u00fchrung mit jedem Schluck.<\/p>\n<p><strong><a href=\"https:\/\/www.globalwine.ch\/winzer\/spanien\/ibiza\/dieter-meier-family-ibiza\/\">Mehr erfahren<\/a><\/strong><\/p>\n","image_text_bild":2802,"image_text_video":"","image_text_position_bild":"right","image_text_layout":"layout-two"}]},"yoast_head":"<!-- This site is optimized with the Yoast SEO plugin v27.5 - https:\/\/yoast.com\/product\/yoast-seo-wordpress\/ -->\n<title>Dieter Meier &amp; Family \u2013 Vom Entstehen einer Familientradition - Globalwine<\/title>\n<meta name=\"description\" content=\"Auf Ojo de Agua, Puro, Ojo Negro und Ojo de Ibiza werden auch in Zukunft die gleich hohen Qulit\u00e4tsanspr\u00fcche gelten.\" \/>\n<meta name=\"robots\" content=\"index, follow, max-snippet:-1, max-image-preview:large, max-video-preview:-1\" \/>\n<link rel=\"canonical\" href=\"https:\/\/www.globalwine.ch\/cms\/story\/dieter-meier-family-vom-entstehen-einer-familientradition\/\" \/>\n<meta property=\"og:locale\" content=\"de_DE\" \/>\n<meta property=\"og:type\" content=\"article\" \/>\n<meta property=\"og:title\" content=\"Dieter Meier &amp; Family \u2013 Vom Entstehen einer Familientradition - Globalwine\" \/>\n<meta property=\"og:description\" content=\"Auf Ojo de Agua, Puro, Ojo Negro und Ojo de Ibiza werden auch in Zukunft die gleich hohen Qulit\u00e4tsanspr\u00fcche gelten.\" \/>\n<meta property=\"og:url\" content=\"https:\/\/www.globalwine.ch\/cms\/story\/dieter-meier-family-vom-entstehen-einer-familientradition\/\" \/>\n<meta property=\"og:site_name\" content=\"Globalwine\" \/>\n<meta property=\"article:publisher\" content=\"https:\/\/www.facebook.com\/GlobalwineAG\" \/>\n<meta property=\"article:modified_time\" content=\"2024-02-13T10:53:46+00:00\" \/>\n<meta property=\"og:image\" content=\"https:\/\/www.globalwine.ch\/cms\/wp-content\/uploads\/2024\/02\/Meier-Family-3-1024x655.jpg\" \/>\n\t<meta property=\"og:image:width\" content=\"1024\" \/>\n\t<meta property=\"og:image:height\" content=\"655\" \/>\n\t<meta property=\"og:image:type\" content=\"image\/jpeg\" \/>\n<meta name=\"twitter:card\" content=\"summary_large_image\" \/>\n<meta name=\"twitter:label1\" content=\"Gesch\u00e4tzte Lesezeit\" \/>\n\t<meta name=\"twitter:data1\" content=\"4\u00a0Minuten\" \/>\n<script type=\"application\/ld+json\" class=\"yoast-schema-graph\">{\"@context\":\"https:\\\/\\\/schema.org\",\"@graph\":[{\"@type\":\"WebPage\",\"@id\":\"https:\\\/\\\/www.globalwine.ch\\\/cms\\\/story\\\/dieter-meier-family-vom-entstehen-einer-familientradition\\\/\",\"url\":\"https:\\\/\\\/www.globalwine.ch\\\/cms\\\/story\\\/dieter-meier-family-vom-entstehen-einer-familientradition\\\/\",\"name\":\"Dieter Meier &amp; Family \u2013 Vom Entstehen einer Familientradition - Globalwine\",\"isPartOf\":{\"@id\":\"https:\\\/\\\/www.globalwine.ch\\\/cms\\\/#website\"},\"primaryImageOfPage\":{\"@id\":\"https:\\\/\\\/www.globalwine.ch\\\/cms\\\/story\\\/dieter-meier-family-vom-entstehen-einer-familientradition\\\/#primaryimage\"},\"image\":{\"@id\":\"https:\\\/\\\/www.globalwine.ch\\\/cms\\\/story\\\/dieter-meier-family-vom-entstehen-einer-familientradition\\\/#primaryimage\"},\"thumbnailUrl\":\"https:\\\/\\\/www.globalwine.ch\\\/cms\\\/wp-content\\\/uploads\\\/2024\\\/02\\\/Meier-Family-3.jpg\",\"datePublished\":\"2024-02-13T09:36:07+00:00\",\"dateModified\":\"2024-02-13T10:53:46+00:00\",\"description\":\"Auf Ojo de Agua, Puro, Ojo Negro und Ojo de Ibiza werden auch in Zukunft die gleich hohen Qulit\u00e4tsanspr\u00fcche gelten.\",\"breadcrumb\":{\"@id\":\"https:\\\/\\\/www.globalwine.ch\\\/cms\\\/story\\\/dieter-meier-family-vom-entstehen-einer-familientradition\\\/#breadcrumb\"},\"inLanguage\":\"de-CH\",\"potentialAction\":[{\"@type\":\"ReadAction\",\"target\":[\"https:\\\/\\\/www.globalwine.ch\\\/cms\\\/story\\\/dieter-meier-family-vom-entstehen-einer-familientradition\\\/\"]}]},{\"@type\":\"ImageObject\",\"inLanguage\":\"de-CH\",\"@id\":\"https:\\\/\\\/www.globalwine.ch\\\/cms\\\/story\\\/dieter-meier-family-vom-entstehen-einer-familientradition\\\/#primaryimage\",\"url\":\"https:\\\/\\\/www.globalwine.ch\\\/cms\\\/wp-content\\\/uploads\\\/2024\\\/02\\\/Meier-Family-3.jpg\",\"contentUrl\":\"https:\\\/\\\/www.globalwine.ch\\\/cms\\\/wp-content\\\/uploads\\\/2024\\\/02\\\/Meier-Family-3.jpg\",\"width\":2000,\"height\":1280,\"caption\":\"Francis, Anna, Sophie und Eleonore Meier\"},{\"@type\":\"BreadcrumbList\",\"@id\":\"https:\\\/\\\/www.globalwine.ch\\\/cms\\\/story\\\/dieter-meier-family-vom-entstehen-einer-familientradition\\\/#breadcrumb\",\"itemListElement\":[{\"@type\":\"ListItem\",\"position\":1,\"name\":\"Breadcrumb\",\"item\":\"https:\\\/\\\/www.globalwine.ch\\\/cms\\\/\"},{\"@type\":\"ListItem\",\"position\":2,\"name\":\"Stories\",\"item\":\"https:\\\/\\\/www.globalwine.ch\\\/cms\\\/story\\\/\"},{\"@type\":\"ListItem\",\"position\":3,\"name\":\"Dieter Meier &amp; Family \u2013 Vom Entstehen einer Familientradition\"}]},{\"@type\":\"WebSite\",\"@id\":\"https:\\\/\\\/www.globalwine.ch\\\/cms\\\/#website\",\"url\":\"https:\\\/\\\/www.globalwine.ch\\\/cms\\\/\",\"name\":\"Globalwine\",\"description\":\"\",\"publisher\":{\"@id\":\"https:\\\/\\\/www.globalwine.ch\\\/cms\\\/#organization\"},\"potentialAction\":[{\"@type\":\"SearchAction\",\"target\":{\"@type\":\"EntryPoint\",\"urlTemplate\":\"https:\\\/\\\/www.globalwine.ch\\\/cms\\\/?s={search_term_string}\"},\"query-input\":{\"@type\":\"PropertyValueSpecification\",\"valueRequired\":true,\"valueName\":\"search_term_string\"}}],\"inLanguage\":\"de-CH\"},{\"@type\":\"Organization\",\"@id\":\"https:\\\/\\\/www.globalwine.ch\\\/cms\\\/#organization\",\"name\":\"Globalwine AG\",\"url\":\"https:\\\/\\\/www.globalwine.ch\\\/cms\\\/\",\"logo\":{\"@type\":\"ImageObject\",\"inLanguage\":\"de-CH\",\"@id\":\"https:\\\/\\\/www.globalwine.ch\\\/cms\\\/#\\\/schema\\\/logo\\\/image\\\/\",\"url\":\"https:\\\/\\\/www.globalwine.ch\\\/cms\\\/wp-content\\\/uploads\\\/2021\\\/04\\\/globalwine-logo.png\",\"contentUrl\":\"https:\\\/\\\/www.globalwine.ch\\\/cms\\\/wp-content\\\/uploads\\\/2021\\\/04\\\/globalwine-logo.png\",\"width\":931,\"height\":144,\"caption\":\"Globalwine AG\"},\"image\":{\"@id\":\"https:\\\/\\\/www.globalwine.ch\\\/cms\\\/#\\\/schema\\\/logo\\\/image\\\/\"},\"sameAs\":[\"https:\\\/\\\/www.facebook.com\\\/GlobalwineAG\",\"https:\\\/\\\/www.instagram.com\\\/globalwine_ch\",\"https:\\\/\\\/www.linkedin.com\\\/company\\\/5823327\",\"https:\\\/\\\/www.youtube.com\\\/channel\\\/UCaXmwERn0IR5rrbwRvaFesg\"]}]}<\/script>\n<!-- \/ Yoast SEO plugin. -->","yoast_head_json":{"title":"Dieter Meier &amp; Family \u2013 Vom Entstehen einer Familientradition - Globalwine","description":"Auf Ojo de Agua, Puro, Ojo Negro und Ojo de Ibiza werden auch in Zukunft die gleich hohen Qulit\u00e4tsanspr\u00fcche gelten.","robots":{"index":"index","follow":"follow","max-snippet":"max-snippet:-1","max-image-preview":"max-image-preview:large","max-video-preview":"max-video-preview:-1"},"canonical":"https:\/\/www.globalwine.ch\/cms\/story\/dieter-meier-family-vom-entstehen-einer-familientradition\/","og_locale":"de_DE","og_type":"article","og_title":"Dieter Meier &amp; Family \u2013 Vom Entstehen einer Familientradition - Globalwine","og_description":"Auf Ojo de Agua, Puro, Ojo Negro und Ojo de Ibiza werden auch in Zukunft die gleich hohen Qulit\u00e4tsanspr\u00fcche gelten.","og_url":"https:\/\/www.globalwine.ch\/cms\/story\/dieter-meier-family-vom-entstehen-einer-familientradition\/","og_site_name":"Globalwine","article_publisher":"https:\/\/www.facebook.com\/GlobalwineAG","article_modified_time":"2024-02-13T10:53:46+00:00","og_image":[{"width":1024,"height":655,"url":"https:\/\/www.globalwine.ch\/cms\/wp-content\/uploads\/2024\/02\/Meier-Family-3-1024x655.jpg","type":"image\/jpeg"}],"twitter_card":"summary_large_image","twitter_misc":{"Gesch\u00e4tzte Lesezeit":"4\u00a0Minuten"},"schema":{"@context":"https:\/\/schema.org","@graph":[{"@type":"WebPage","@id":"https:\/\/www.globalwine.ch\/cms\/story\/dieter-meier-family-vom-entstehen-einer-familientradition\/","url":"https:\/\/www.globalwine.ch\/cms\/story\/dieter-meier-family-vom-entstehen-einer-familientradition\/","name":"Dieter Meier &amp; Family \u2013 Vom Entstehen einer Familientradition - Globalwine","isPartOf":{"@id":"https:\/\/www.globalwine.ch\/cms\/#website"},"primaryImageOfPage":{"@id":"https:\/\/www.globalwine.ch\/cms\/story\/dieter-meier-family-vom-entstehen-einer-familientradition\/#primaryimage"},"image":{"@id":"https:\/\/www.globalwine.ch\/cms\/story\/dieter-meier-family-vom-entstehen-einer-familientradition\/#primaryimage"},"thumbnailUrl":"https:\/\/www.globalwine.ch\/cms\/wp-content\/uploads\/2024\/02\/Meier-Family-3.jpg","datePublished":"2024-02-13T09:36:07+00:00","dateModified":"2024-02-13T10:53:46+00:00","description":"Auf Ojo de Agua, Puro, Ojo Negro und Ojo de Ibiza werden auch in Zukunft die gleich hohen Qulit\u00e4tsanspr\u00fcche gelten.","breadcrumb":{"@id":"https:\/\/www.globalwine.ch\/cms\/story\/dieter-meier-family-vom-entstehen-einer-familientradition\/#breadcrumb"},"inLanguage":"de-CH","potentialAction":[{"@type":"ReadAction","target":["https:\/\/www.globalwine.ch\/cms\/story\/dieter-meier-family-vom-entstehen-einer-familientradition\/"]}]},{"@type":"ImageObject","inLanguage":"de-CH","@id":"https:\/\/www.globalwine.ch\/cms\/story\/dieter-meier-family-vom-entstehen-einer-familientradition\/#primaryimage","url":"https:\/\/www.globalwine.ch\/cms\/wp-content\/uploads\/2024\/02\/Meier-Family-3.jpg","contentUrl":"https:\/\/www.globalwine.ch\/cms\/wp-content\/uploads\/2024\/02\/Meier-Family-3.jpg","width":2000,"height":1280,"caption":"Francis, Anna, Sophie und Eleonore Meier"},{"@type":"BreadcrumbList","@id":"https:\/\/www.globalwine.ch\/cms\/story\/dieter-meier-family-vom-entstehen-einer-familientradition\/#breadcrumb","itemListElement":[{"@type":"ListItem","position":1,"name":"Breadcrumb","item":"https:\/\/www.globalwine.ch\/cms\/"},{"@type":"ListItem","position":2,"name":"Stories","item":"https:\/\/www.globalwine.ch\/cms\/story\/"},{"@type":"ListItem","position":3,"name":"Dieter Meier &amp; Family \u2013 Vom Entstehen einer Familientradition"}]},{"@type":"WebSite","@id":"https:\/\/www.globalwine.ch\/cms\/#website","url":"https:\/\/www.globalwine.ch\/cms\/","name":"Globalwine","description":"","publisher":{"@id":"https:\/\/www.globalwine.ch\/cms\/#organization"},"potentialAction":[{"@type":"SearchAction","target":{"@type":"EntryPoint","urlTemplate":"https:\/\/www.globalwine.ch\/cms\/?s={search_term_string}"},"query-input":{"@type":"PropertyValueSpecification","valueRequired":true,"valueName":"search_term_string"}}],"inLanguage":"de-CH"},{"@type":"Organization","@id":"https:\/\/www.globalwine.ch\/cms\/#organization","name":"Globalwine AG","url":"https:\/\/www.globalwine.ch\/cms\/","logo":{"@type":"ImageObject","inLanguage":"de-CH","@id":"https:\/\/www.globalwine.ch\/cms\/#\/schema\/logo\/image\/","url":"https:\/\/www.globalwine.ch\/cms\/wp-content\/uploads\/2021\/04\/globalwine-logo.png","contentUrl":"https:\/\/www.globalwine.ch\/cms\/wp-content\/uploads\/2021\/04\/globalwine-logo.png","width":931,"height":144,"caption":"Globalwine AG"},"image":{"@id":"https:\/\/www.globalwine.ch\/cms\/#\/schema\/logo\/image\/"},"sameAs":["https:\/\/www.facebook.com\/GlobalwineAG","https:\/\/www.instagram.com\/globalwine_ch","https:\/\/www.linkedin.com\/company\/5823327","https:\/\/www.youtube.com\/channel\/UCaXmwERn0IR5rrbwRvaFesg"]}]}},"_links":{"self":[{"href":"https:\/\/www.globalwine.ch\/cms\/wp-json\/wp\/v2\/story\/2800","targetHints":{"allow":["GET"]}}],"collection":[{"href":"https:\/\/www.globalwine.ch\/cms\/wp-json\/wp\/v2\/story"}],"about":[{"href":"https:\/\/www.globalwine.ch\/cms\/wp-json\/wp\/v2\/types\/story"}],"wp:featuredmedia":[{"embeddable":true,"href":"https:\/\/www.globalwine.ch\/cms\/wp-json\/wp\/v2\/media\/2801"}],"wp:attachment":[{"href":"https:\/\/www.globalwine.ch\/cms\/wp-json\/wp\/v2\/media?parent=2800"}],"curies":[{"name":"wp","href":"https:\/\/api.w.org\/{rel}","templated":true}]}}