{"id":2820,"date":"2024-02-13T13:32:03","date_gmt":"2024-02-13T12:32:03","guid":{"rendered":"https:\/\/www.globalwine.ch\/cms\/?post_type=story&#038;p=2820"},"modified":"2024-07-26T11:03:49","modified_gmt":"2024-07-26T09:03:49","slug":"mallorca-reif-von-der-insel","status":"publish","type":"story","link":"https:\/\/www.globalwine.ch\/cms\/story\/mallorca-reif-von-der-insel\/","title":{"rendered":"Mallorca \u2013 Reif von der Insel"},"content":{"rendered":"\n<p>Mildes Klima, reichlich Sonnentage, hervorragende Bodenqualit\u00e4t und das einzigartige Licht des Mittelmeers zeichnen Mallorcas Weinanbaugebiete aus und machen die Vielfalt des Weinangebots aus.<\/p>\n","protected":false},"excerpt":{"rendered":"<p>Mildes Klima, reichlich Sonnentage, hervorragende Bodenqualit\u00e4t und das einzigartige Licht des Mittelmeers zeichnen Mallorcas Weinanbaugebiete aus und machen die Vielfalt des Weinangebots aus.<\/p>\n","protected":false},"featured_media":2824,"template":"","class_list":["post-2820","story","type-story","status-publish","has-post-thumbnail","hentry"],"acf":{"hide_pagetitle":false,"header_block":{"header_block_title":"","header_block_title_size":"default","header_block_subtitle":"","header_block_button":"","header_block_background_image":false},"inhaltselemente":[{"acf_fc_layout":"image","image":2824,"image_video":""},{"acf_fc_layout":"einspalter_text","einspalter_text_titel":"","einspalter_text_titel_typ":"2","einspalter_text_titel_fake":false,"einspalter_text_content":"<p>Obwohl auf der Balearen-Insel schon seit hunderten von Jahren Wein gekeltert wird, erlangte der Weinbau erst Anfang der 1990er Jahre internationale Beachtung, als innovative Winzer anfingen, mit den heimischen Rebsorten zu experimentieren und bis dato un\u00fcbliche Mischungen zu keltern. Hervorragende Weine mit bester Qualit\u00e4t waren das Ergebnis und machten mallorquinische Weine zu einem Geheimtipp f\u00fcr Wein-Aficionados auf der ganzen Welt.<\/p>\n"},{"acf_fc_layout":"einspalter_text","einspalter_text_titel":"Unsere Weing\u00fcter auf Mallorca","einspalter_text_titel_typ":"2","einspalter_text_titel_fake":false,"einspalter_text_content":""},{"acf_fc_layout":"image_text","image_text_titel":"\u00c0nima Negra \u2013 ein Fixpunkt in Mallorcas Weingeschichte den","image_text_titel_typ":"2","image_text_titel_fake":false,"image_text_link":"","image_text_content":"<p>So legend\u00e4r die Entstehungsgeschichte der Schwarzen Seele Mallorcas, so verdient ist der heutige Kultstatus, das Weingut \u00c0nima Negra inneh\u00e4lt. In alten Milchtanks begannen Miquel-\u00c0ngel Cerd\u00e0 und Pere Ignasi Obrador auf \u00c0nima Negra ihre ersten Experimente mit den alten, autochthonen Sorten wie Callet, Manto Negro und Fogoneu \u2013 der Rest ist Geschichte. Heute sind die beiden Vollblut-Winzer mit unersch\u00fctterlichen Prinzipien, was die Qualit\u00e4t der Weine von \u00c0nima Negra angeht.<\/p>\n<p><a href=\"https:\/\/www.globalwine.ch\/winzer\/spanien\/mallorca\/anima-negra\/\"><strong>Mehr erfahren<\/strong><\/a><\/p>\n","image_text_bild":2813,"image_text_video":"","image_text_position_bild":"right","image_text_layout":"layout-two"},{"acf_fc_layout":"image_text","image_text_titel":"Atlan & Artisan und die Vielseitigkeit Mallorcas","image_text_titel_typ":"2","image_text_titel_fake":false,"image_text_link":"","image_text_content":"<p>Das Winzer Duo Sebastian Keller und Philippe Bramaz ist gleich an mehreren  Orten in Europa aktiv und stellt Weine sowohl in der Region Jumilla als auch auf Mallorca sowie an der Mosel her. Das verbindende Element ist der sorgf\u00e4ltige Umgang mit den nat\u00fcrlichen Ressourcen und das stetige Bestreben durch m\u00f6glichst minimale Eingriffe das Maximum aus dem jeweiligen Terroir herauszuholen. Die 8 Vents Weine aus Mallorca sind ein unverkennbarer Ausdruck ihrer Herkunft.<\/p>\n<p><strong><a href=\"https:\/\/www.globalwine.ch\/winzer\/spanien\/mallorca\/atlan-artisan-mallorca\/\">Mehr erfahren<\/a><\/strong><\/p>\n","image_text_bild":2814,"image_text_video":"","image_text_position_bild":"left","image_text_layout":"layout-two"},{"acf_fc_layout":"image_text","image_text_titel":"Son Mayol \u2013 Perfektion aus Mallorca","image_text_titel_typ":"2","image_text_titel_fake":false,"image_text_link":"","image_text_content":"<p>Son Mayol liegt in einem Tal n\u00f6rdlich von Palma de Mallorca. Die Trauben der verschiedenen Lagen werden im Keller von Son Mayol separat vinifiziert und erst danach den Weinen zugeordnet. Durch diese individuelle Selektion der verschiedenen Lagen wird die Individualit\u00e4t der erzeugten Weine gef\u00f6rdert und bewahrt.<\/p>\n<p><strong><a href=\"https:\/\/www.globalwine.ch\/winzer\/spanien\/mallorca\/bodega-son-mayol\/\">Mehr erfahren<\/a><\/strong><\/p>\n","image_text_bild":2817,"image_text_video":"","image_text_position_bild":"right","image_text_layout":"layout-two"},{"acf_fc_layout":"image_text","image_text_titel":"Finca Biniagual \u2013 der Exportschlager aus Mallorca","image_text_titel_typ":"2","image_text_titel_fake":false,"image_text_link":"","image_text_content":"<p>Die Reblaus zerst\u00f6rte gegen Ende des 19. Jahrhunderts s\u00e4mtliche Rebst\u00f6cke des damals bl\u00fchenden Ortes Biniagual und so verwaiste das Dorf allm\u00e4hlich. Bis 1968 die Familie Graf Biniagual \u00fcbernahm und den Weinbau neu belebte. Heute geh\u00f6ren ihre Weine Veran und Gran Veran zu den Exportschlagern der Insel.<\/p>\n<p><strong><a href=\"https:\/\/www.globalwine.ch\/winzer\/spanien\/mallorca\/finca-biniagual\/\">Mehr erfahren<\/a><\/strong><\/p>\n","image_text_bild":2815,"image_text_video":"","image_text_position_bild":"left","image_text_layout":"layout-two"},{"acf_fc_layout":"image_text","image_text_titel":"Binigrau \u2013 Die Sonne Mallorcas","image_text_titel_typ":"2","image_text_titel_fake":false,"image_text_link":"","image_text_content":"<p>Binigrau ist einzigartig \u2013 so viel ist sicher! Wer von aussen die eher unscheinbare Bodega betritt, trifft auf ein lichtdurchflutetes Inneres. Viel Glas, Stahl- und Sichtbeton mit einer klaren architektonischen Handschrift. Binnen 4 Jahren r\u00e4umte die Bodega an internationalen Wettbewerben \u00fcber 50 Medaillen ab. Die Rebberge werden allesamt nach biologischen Richtlinien gepflegt, sind allerdings ohne Zertifikat.<\/p>\n<p><strong><a href=\"https:\/\/www.globalwine.ch\/winzer\/spanien\/mallorca\/binigrau-vins-i-vinyes\/\">Mehr erfahren<\/a><\/strong><\/p>\n","image_text_bild":2816,"image_text_video":"","image_text_position_bild":"right","image_text_layout":"layout-two"}]},"yoast_head":"<!-- This site is optimized with the Yoast SEO plugin v27.4 - https:\/\/yoast.com\/product\/yoast-seo-wordpress\/ -->\n<title>Mallorca \u2013 Reif von der Insel - Globalwine<\/title>\n<meta name=\"description\" content=\"Mildes Klima, reichlich Sonnentage, hervorragende Bodenqualit\u00e4t und das Licht des Mittelmeers zeichnen Mallorcas Weinanbaugebiete aus.\" \/>\n<meta name=\"robots\" content=\"index, follow, max-snippet:-1, max-image-preview:large, max-video-preview:-1\" \/>\n<link rel=\"canonical\" href=\"https:\/\/www.globalwine.ch\/cms\/story\/mallorca-reif-von-der-insel\/\" \/>\n<meta property=\"og:locale\" content=\"de_DE\" \/>\n<meta property=\"og:type\" content=\"article\" \/>\n<meta property=\"og:title\" content=\"Mallorca \u2013 Reif von der Insel - Globalwine\" \/>\n<meta property=\"og:description\" content=\"Mildes Klima, reichlich Sonnentage, hervorragende Bodenqualit\u00e4t und das Licht des Mittelmeers zeichnen Mallorcas Weinanbaugebiete aus.\" \/>\n<meta property=\"og:url\" content=\"https:\/\/www.globalwine.ch\/cms\/story\/mallorca-reif-von-der-insel\/\" \/>\n<meta property=\"og:site_name\" content=\"Globalwine\" \/>\n<meta property=\"article:publisher\" content=\"https:\/\/www.facebook.com\/GlobalwineAG\" \/>\n<meta property=\"article:modified_time\" content=\"2024-07-26T09:03:49+00:00\" \/>\n<meta property=\"og:image\" content=\"https:\/\/www.globalwine.ch\/cms\/wp-content\/uploads\/2024\/02\/iStock-499176179-\u2013-2000x1280-1-1024x655.jpg\" \/>\n\t<meta property=\"og:image:width\" content=\"1024\" \/>\n\t<meta property=\"og:image:height\" content=\"655\" \/>\n\t<meta property=\"og:image:type\" content=\"image\/jpeg\" \/>\n<meta name=\"twitter:card\" content=\"summary_large_image\" \/>\n<meta name=\"twitter:label1\" content=\"Gesch\u00e4tzte Lesezeit\" \/>\n\t<meta name=\"twitter:data1\" content=\"4\u00a0Minuten\" \/>\n<script type=\"application\/ld+json\" class=\"yoast-schema-graph\">{\"@context\":\"https:\\\/\\\/schema.org\",\"@graph\":[{\"@type\":\"WebPage\",\"@id\":\"https:\\\/\\\/www.globalwine.ch\\\/cms\\\/story\\\/mallorca-reif-von-der-insel\\\/\",\"url\":\"https:\\\/\\\/www.globalwine.ch\\\/cms\\\/story\\\/mallorca-reif-von-der-insel\\\/\",\"name\":\"Mallorca \u2013 Reif von der Insel - Globalwine\",\"isPartOf\":{\"@id\":\"https:\\\/\\\/www.globalwine.ch\\\/cms\\\/#website\"},\"primaryImageOfPage\":{\"@id\":\"https:\\\/\\\/www.globalwine.ch\\\/cms\\\/story\\\/mallorca-reif-von-der-insel\\\/#primaryimage\"},\"image\":{\"@id\":\"https:\\\/\\\/www.globalwine.ch\\\/cms\\\/story\\\/mallorca-reif-von-der-insel\\\/#primaryimage\"},\"thumbnailUrl\":\"https:\\\/\\\/www.globalwine.ch\\\/cms\\\/wp-content\\\/uploads\\\/2024\\\/02\\\/iStock-499176179-\u2013-2000x1280-1.jpg\",\"datePublished\":\"2024-02-13T12:32:03+00:00\",\"dateModified\":\"2024-07-26T09:03:49+00:00\",\"description\":\"Mildes Klima, reichlich Sonnentage, hervorragende Bodenqualit\u00e4t und das Licht des Mittelmeers zeichnen Mallorcas Weinanbaugebiete aus.\",\"breadcrumb\":{\"@id\":\"https:\\\/\\\/www.globalwine.ch\\\/cms\\\/story\\\/mallorca-reif-von-der-insel\\\/#breadcrumb\"},\"inLanguage\":\"de-CH\",\"potentialAction\":[{\"@type\":\"ReadAction\",\"target\":[\"https:\\\/\\\/www.globalwine.ch\\\/cms\\\/story\\\/mallorca-reif-von-der-insel\\\/\"]}]},{\"@type\":\"ImageObject\",\"inLanguage\":\"de-CH\",\"@id\":\"https:\\\/\\\/www.globalwine.ch\\\/cms\\\/story\\\/mallorca-reif-von-der-insel\\\/#primaryimage\",\"url\":\"https:\\\/\\\/www.globalwine.ch\\\/cms\\\/wp-content\\\/uploads\\\/2024\\\/02\\\/iStock-499176179-\u2013-2000x1280-1.jpg\",\"contentUrl\":\"https:\\\/\\\/www.globalwine.ch\\\/cms\\\/wp-content\\\/uploads\\\/2024\\\/02\\\/iStock-499176179-\u2013-2000x1280-1.jpg\",\"width\":2000,\"height\":1280,\"caption\":\"Rebberge auf Mallorca\"},{\"@type\":\"BreadcrumbList\",\"@id\":\"https:\\\/\\\/www.globalwine.ch\\\/cms\\\/story\\\/mallorca-reif-von-der-insel\\\/#breadcrumb\",\"itemListElement\":[{\"@type\":\"ListItem\",\"position\":1,\"name\":\"Breadcrumb\",\"item\":\"https:\\\/\\\/www.globalwine.ch\\\/cms\\\/\"},{\"@type\":\"ListItem\",\"position\":2,\"name\":\"Stories\",\"item\":\"https:\\\/\\\/www.globalwine.ch\\\/cms\\\/story\\\/\"},{\"@type\":\"ListItem\",\"position\":3,\"name\":\"Mallorca \u2013 Reif von der Insel\"}]},{\"@type\":\"WebSite\",\"@id\":\"https:\\\/\\\/www.globalwine.ch\\\/cms\\\/#website\",\"url\":\"https:\\\/\\\/www.globalwine.ch\\\/cms\\\/\",\"name\":\"Globalwine\",\"description\":\"\",\"publisher\":{\"@id\":\"https:\\\/\\\/www.globalwine.ch\\\/cms\\\/#organization\"},\"potentialAction\":[{\"@type\":\"SearchAction\",\"target\":{\"@type\":\"EntryPoint\",\"urlTemplate\":\"https:\\\/\\\/www.globalwine.ch\\\/cms\\\/?s={search_term_string}\"},\"query-input\":{\"@type\":\"PropertyValueSpecification\",\"valueRequired\":true,\"valueName\":\"search_term_string\"}}],\"inLanguage\":\"de-CH\"},{\"@type\":\"Organization\",\"@id\":\"https:\\\/\\\/www.globalwine.ch\\\/cms\\\/#organization\",\"name\":\"Globalwine AG\",\"url\":\"https:\\\/\\\/www.globalwine.ch\\\/cms\\\/\",\"logo\":{\"@type\":\"ImageObject\",\"inLanguage\":\"de-CH\",\"@id\":\"https:\\\/\\\/www.globalwine.ch\\\/cms\\\/#\\\/schema\\\/logo\\\/image\\\/\",\"url\":\"https:\\\/\\\/www.globalwine.ch\\\/cms\\\/wp-content\\\/uploads\\\/2021\\\/04\\\/globalwine-logo.png\",\"contentUrl\":\"https:\\\/\\\/www.globalwine.ch\\\/cms\\\/wp-content\\\/uploads\\\/2021\\\/04\\\/globalwine-logo.png\",\"width\":931,\"height\":144,\"caption\":\"Globalwine AG\"},\"image\":{\"@id\":\"https:\\\/\\\/www.globalwine.ch\\\/cms\\\/#\\\/schema\\\/logo\\\/image\\\/\"},\"sameAs\":[\"https:\\\/\\\/www.facebook.com\\\/GlobalwineAG\",\"https:\\\/\\\/www.instagram.com\\\/globalwine_ch\",\"https:\\\/\\\/www.linkedin.com\\\/company\\\/5823327\",\"https:\\\/\\\/www.youtube.com\\\/channel\\\/UCaXmwERn0IR5rrbwRvaFesg\"]}]}<\/script>\n<!-- \/ Yoast SEO plugin. -->","yoast_head_json":{"title":"Mallorca \u2013 Reif von der Insel - Globalwine","description":"Mildes Klima, reichlich Sonnentage, hervorragende Bodenqualit\u00e4t und das Licht des Mittelmeers zeichnen Mallorcas Weinanbaugebiete aus.","robots":{"index":"index","follow":"follow","max-snippet":"max-snippet:-1","max-image-preview":"max-image-preview:large","max-video-preview":"max-video-preview:-1"},"canonical":"https:\/\/www.globalwine.ch\/cms\/story\/mallorca-reif-von-der-insel\/","og_locale":"de_DE","og_type":"article","og_title":"Mallorca \u2013 Reif von der Insel - Globalwine","og_description":"Mildes Klima, reichlich Sonnentage, hervorragende Bodenqualit\u00e4t und das Licht des Mittelmeers zeichnen Mallorcas Weinanbaugebiete aus.","og_url":"https:\/\/www.globalwine.ch\/cms\/story\/mallorca-reif-von-der-insel\/","og_site_name":"Globalwine","article_publisher":"https:\/\/www.facebook.com\/GlobalwineAG","article_modified_time":"2024-07-26T09:03:49+00:00","og_image":[{"width":1024,"height":655,"url":"https:\/\/www.globalwine.ch\/cms\/wp-content\/uploads\/2024\/02\/iStock-499176179-\u2013-2000x1280-1-1024x655.jpg","type":"image\/jpeg"}],"twitter_card":"summary_large_image","twitter_misc":{"Gesch\u00e4tzte Lesezeit":"4\u00a0Minuten"},"schema":{"@context":"https:\/\/schema.org","@graph":[{"@type":"WebPage","@id":"https:\/\/www.globalwine.ch\/cms\/story\/mallorca-reif-von-der-insel\/","url":"https:\/\/www.globalwine.ch\/cms\/story\/mallorca-reif-von-der-insel\/","name":"Mallorca \u2013 Reif von der Insel - Globalwine","isPartOf":{"@id":"https:\/\/www.globalwine.ch\/cms\/#website"},"primaryImageOfPage":{"@id":"https:\/\/www.globalwine.ch\/cms\/story\/mallorca-reif-von-der-insel\/#primaryimage"},"image":{"@id":"https:\/\/www.globalwine.ch\/cms\/story\/mallorca-reif-von-der-insel\/#primaryimage"},"thumbnailUrl":"https:\/\/www.globalwine.ch\/cms\/wp-content\/uploads\/2024\/02\/iStock-499176179-\u2013-2000x1280-1.jpg","datePublished":"2024-02-13T12:32:03+00:00","dateModified":"2024-07-26T09:03:49+00:00","description":"Mildes Klima, reichlich Sonnentage, hervorragende Bodenqualit\u00e4t und das Licht des Mittelmeers zeichnen Mallorcas Weinanbaugebiete aus.","breadcrumb":{"@id":"https:\/\/www.globalwine.ch\/cms\/story\/mallorca-reif-von-der-insel\/#breadcrumb"},"inLanguage":"de-CH","potentialAction":[{"@type":"ReadAction","target":["https:\/\/www.globalwine.ch\/cms\/story\/mallorca-reif-von-der-insel\/"]}]},{"@type":"ImageObject","inLanguage":"de-CH","@id":"https:\/\/www.globalwine.ch\/cms\/story\/mallorca-reif-von-der-insel\/#primaryimage","url":"https:\/\/www.globalwine.ch\/cms\/wp-content\/uploads\/2024\/02\/iStock-499176179-\u2013-2000x1280-1.jpg","contentUrl":"https:\/\/www.globalwine.ch\/cms\/wp-content\/uploads\/2024\/02\/iStock-499176179-\u2013-2000x1280-1.jpg","width":2000,"height":1280,"caption":"Rebberge auf Mallorca"},{"@type":"BreadcrumbList","@id":"https:\/\/www.globalwine.ch\/cms\/story\/mallorca-reif-von-der-insel\/#breadcrumb","itemListElement":[{"@type":"ListItem","position":1,"name":"Breadcrumb","item":"https:\/\/www.globalwine.ch\/cms\/"},{"@type":"ListItem","position":2,"name":"Stories","item":"https:\/\/www.globalwine.ch\/cms\/story\/"},{"@type":"ListItem","position":3,"name":"Mallorca \u2013 Reif von der Insel"}]},{"@type":"WebSite","@id":"https:\/\/www.globalwine.ch\/cms\/#website","url":"https:\/\/www.globalwine.ch\/cms\/","name":"Globalwine","description":"","publisher":{"@id":"https:\/\/www.globalwine.ch\/cms\/#organization"},"potentialAction":[{"@type":"SearchAction","target":{"@type":"EntryPoint","urlTemplate":"https:\/\/www.globalwine.ch\/cms\/?s={search_term_string}"},"query-input":{"@type":"PropertyValueSpecification","valueRequired":true,"valueName":"search_term_string"}}],"inLanguage":"de-CH"},{"@type":"Organization","@id":"https:\/\/www.globalwine.ch\/cms\/#organization","name":"Globalwine AG","url":"https:\/\/www.globalwine.ch\/cms\/","logo":{"@type":"ImageObject","inLanguage":"de-CH","@id":"https:\/\/www.globalwine.ch\/cms\/#\/schema\/logo\/image\/","url":"https:\/\/www.globalwine.ch\/cms\/wp-content\/uploads\/2021\/04\/globalwine-logo.png","contentUrl":"https:\/\/www.globalwine.ch\/cms\/wp-content\/uploads\/2021\/04\/globalwine-logo.png","width":931,"height":144,"caption":"Globalwine AG"},"image":{"@id":"https:\/\/www.globalwine.ch\/cms\/#\/schema\/logo\/image\/"},"sameAs":["https:\/\/www.facebook.com\/GlobalwineAG","https:\/\/www.instagram.com\/globalwine_ch","https:\/\/www.linkedin.com\/company\/5823327","https:\/\/www.youtube.com\/channel\/UCaXmwERn0IR5rrbwRvaFesg"]}]}},"_links":{"self":[{"href":"https:\/\/www.globalwine.ch\/cms\/wp-json\/wp\/v2\/story\/2820","targetHints":{"allow":["GET"]}}],"collection":[{"href":"https:\/\/www.globalwine.ch\/cms\/wp-json\/wp\/v2\/story"}],"about":[{"href":"https:\/\/www.globalwine.ch\/cms\/wp-json\/wp\/v2\/types\/story"}],"wp:featuredmedia":[{"embeddable":true,"href":"https:\/\/www.globalwine.ch\/cms\/wp-json\/wp\/v2\/media\/2824"}],"wp:attachment":[{"href":"https:\/\/www.globalwine.ch\/cms\/wp-json\/wp\/v2\/media?parent=2820"}],"curies":[{"name":"wp","href":"https:\/\/api.w.org\/{rel}","templated":true}]}}